{"id":5221,"date":"2018-04-10T09:57:57","date_gmt":"2018-04-10T12:57:57","guid":{"rendered":"http:\/\/dsrmedios.com.ar\/diario\/?p=5221"},"modified":"2018-04-10T09:57:57","modified_gmt":"2018-04-10T12:57:57","slug":"entregaron-diplomas-a-la-primera-promocion-de-guardavidas-formados-en-adolfo-alsina","status":"publish","type":"post","link":"http:\/\/dsrmedios.com.ar\/diario\/archivos\/5221","title":{"rendered":"Entregaron diplomas a la primera promoci\u00f3n de Guardavidas formados en Adolfo Alsina"},"content":{"rendered":"<p>Se realiz\u00f3 el acto de entrega de diplomas a la primera promoci\u00f3n de Guardavidas formados en Adolfo Alsina.<br \/>\nEn el acto estuvieron presentes el Intendente David Hirtz, el Inspector Jefe Regional Prof. Fabi\u00e1n Palma, la Jefa Distrital de Ense\u00f1anza, Lic. Mariana Rodriguez, Oscar Pereyra, asesor de Instituto Nacional de Educaci\u00f3n Tecnol\u00f3gica (INET), Inspector de Educ. F\u00edsica Prof. Nelson \u00c1lvarez, el Director Municipal de Deportes, Prof. Ezequiel Chiodi, Consejeros Escolares Alan Arias, Marcela Uthurralt y M\u00f3nica Ruiz, el Director del CFP 409 Guillermo Crinigan.<br \/>\nDurante la ceremonia se destac\u00f3 con el premio \u201cperseverancia y aplicaci\u00f3n\u201d a Alfredo Ercoli, se entregaron diplomas de mejor promedio a Laura Werbach, Ezequiel Porta y Fernando Tonel. Este \u00faltimo tambi\u00e9n fue elegido como \u201cMejor compa\u00f1ero\u201d.<br \/>\nLa carrera de Guardavidas comenz\u00f3 a dictarse en 2017 gracias a la iniciativa de la Mesa Distrital de Educaci\u00f3n y Trabajo, que dada la geograf\u00eda de la zona, contar con guardavidas permitir\u00e1 el aprovechamiento de los espejos naturales. Los Guardavidas podr\u00e1n prestar servicio en los lagos y lagunas del distrito y la zona, as\u00ed como tambi\u00e9n ampliar el cuidado de piletas en las Escuelas Abiertas de Verano.<\/p>\n<p><a href=\"http:\/\/dsrmedios.com.ar\/diario\/wp-content\/uploads\/2018\/04\/guardavidas2.jpg\"><img decoding=\"async\" loading=\"lazy\" class=\"aligncenter size-full wp-image-5223\" src=\"http:\/\/dsrmedios.com.ar\/diario\/wp-content\/uploads\/2018\/04\/guardavidas2.jpg\" alt=\"\" width=\"1024\" height=\"683\" srcset=\"http:\/\/dsrmedios.com.ar\/diario\/wp-content\/uploads\/2018\/04\/guardavidas2.jpg 1024w, http:\/\/dsrmedios.com.ar\/diario\/wp-content\/uploads\/2018\/04\/guardavidas2-300x200.jpg 300w, http:\/\/dsrmedios.com.ar\/diario\/wp-content\/uploads\/2018\/04\/guardavidas2-768x512.jpg 768w\" sizes=\"(max-width: 1024px) 100vw, 1024px\" \/><\/a><br \/>\nDurante su discurso Hirtz afirm\u00f3 \u201cA veces uno solamente, como dec\u00eda Oscar [Pereyra], abre la puerta, define el apoyo, dice pol\u00edticamente `esto es lo que quiero\u00b4, esto forma parte de ese bagaje de ideas que uno pretende traer a la gesti\u00f3n municipal\u201d y agreg\u00f3 que esta promoci\u00f3n de egresados significa \u201cvalor agregado que le estamos dando como personas, pero es valor agregado que le estamos dando a nuestras comunidades porque ellos forman parte, ustedes forman parte del crecimiento, de la posibilidad de desarrollo que hoy el mundo activo que nos lleva por delante sino vamos al rumbo del conocimiento y capacitaci\u00f3n que nos exige los tiempos actuales, nos pasa r\u00e1pidamente por arriba\u201d<br \/>\nEn el mismo sentido Hirtz argument\u00f3 que \u201c he entendido siempre en la gesti\u00f3n que esta posibilidad de apoyar e impulsar la apertura de espacios educativos, como la universidad que funciona aqu\u00ed dentro, como la escuela t\u00e9cnica, la amplitud y las posibilidades que le dimos a formaci\u00f3n profesional, el hecho que hoy las crisis que tenemos son fruto del crecimiento: nos faltan aulas, nos faltan talleres, desdoblamos turnos.\u201d<br \/>\nLos flamantes guardavidas son : Lucas Barros, Jorge Blengio, Sabrina Castaldi, Candela Castaldi, Alejandra Di Sanzo, Alfredo Ercoli, Eliana Hernandorena, Javier Mungu\u00eda, F\u00e1tima Pozo, Melisa Porta, Ezequiel Porta,Mar\u00eda Laura Werbach, Fernando Tonel, Aike Correa Magliano, Nicol\u00e1s Pompermayer, Cecilia Guido,Maximiliano Colin\u00e9,Noelia Sierra,Mat\u00edas Hirtz, Cristian Reising y Gustavo Herrera.<\/p>\n","protected":false},"excerpt":{"rendered":"<div class=\"mh-excerpt\"><p>Se realiz\u00f3 el acto de entrega de diplomas a la primera promoci\u00f3n de Guardavidas formados en Adolfo Alsina. En el acto estuvieron presentes el Intendente David Hirtz, el Inspector Jefe Regional Prof. Fabi\u00e1n Palma, la Jefa Distrital de Ense\u00f1anza, Lic. Mariana Rodriguez, Oscar Pereyra, asesor de Instituto Nacional de Educaci\u00f3n Tecnol\u00f3gica (INET), Inspector de Educ. F\u00edsica Prof. Nelson \u00c1lvarez, el Director Municipal de Deportes, Prof. Ezequiel Chiodi, Consejeros Escolares Alan Arias, Marcela Uthurralt y M\u00f3nica Ruiz, el Director del CFP 409 Guillermo Crinigan. Durante la ceremonia se destac\u00f3 con el premio \u201cperseverancia y aplicaci\u00f3n\u201d a Alfredo Ercoli, se entregaron diplomas <a class=\"mh-excerpt-more\" href=\"http:\/\/dsrmedios.com.ar\/diario\/archivos\/5221\" title=\"Entregaron diplomas a la primera promoci\u00f3n de Guardavidas formados en Adolfo Alsina\">[Leer m\u00e1s]<\/a><\/p>\n<\/div>","protected":false},"author":5,"featured_media":5222,"comment_status":"open","ping_status":"closed","sticky":false,"template":"","format":"standard","meta":{"_jetpack_newsletter_access":""},"categories":[1],"tags":[],"jetpack_featured_media_url":"http:\/\/dsrmedios.com.ar\/diario\/wp-content\/uploads\/2018\/04\/guardavidas.jpg","jetpack_sharing_enabled":true,"jetpack_shortlink":"https:\/\/wp.me\/p9fihK-1md","_links":{"self":[{"href":"http:\/\/dsrmedios.com.ar\/diario\/wp-json\/wp\/v2\/posts\/5221"}],"collection":[{"href":"http:\/\/dsrmedios.com.ar\/diario\/wp-json\/wp\/v2\/posts"}],"about":[{"href":"http:\/\/dsrmedios.com.ar\/diario\/wp-json\/wp\/v2\/types\/post"}],"author":[{"embeddable":true,"href":"http:\/\/dsrmedios.com.ar\/diario\/wp-json\/wp\/v2\/users\/5"}],"replies":[{"embeddable":true,"href":"http:\/\/dsrmedios.com.ar\/diario\/wp-json\/wp\/v2\/comments?post=5221"}],"version-history":[{"count":1,"href":"http:\/\/dsrmedios.com.ar\/diario\/wp-json\/wp\/v2\/posts\/5221\/revisions"}],"predecessor-version":[{"id":5224,"href":"http:\/\/dsrmedios.com.ar\/diario\/wp-json\/wp\/v2\/posts\/5221\/revisions\/5224"}],"wp:featuredmedia":[{"embeddable":true,"href":"http:\/\/dsrmedios.com.ar\/diario\/wp-json\/wp\/v2\/media\/5222"}],"wp:attachment":[{"href":"http:\/\/dsrmedios.com.ar\/diario\/wp-json\/wp\/v2\/media?parent=5221"}],"wp:term":[{"taxonomy":"category","embeddable":true,"href":"http:\/\/dsrmedios.com.ar\/diario\/wp-json\/wp\/v2\/categories?post=5221"},{"taxonomy":"post_tag","embeddable":true,"href":"http:\/\/dsrmedios.com.ar\/diario\/wp-json\/wp\/v2\/tags?post=5221"}],"curies":[{"name":"wp","href":"https:\/\/api.w.org\/{rel}","templated":true}]}}