{"id":5177,"date":"2018-04-09T07:39:08","date_gmt":"2018-04-09T10:39:08","guid":{"rendered":"http:\/\/dsrmedios.com.ar\/diario\/?p=5177"},"modified":"2018-04-09T07:39:08","modified_gmt":"2018-04-09T10:39:08","slug":"en-una-tragedia-aerea-fallecieron-cinco-tandilenses-que-volaban-desde-san-rafael","status":"publish","type":"post","link":"http:\/\/dsrmedios.com.ar\/diario\/archivos\/5177","title":{"rendered":"En una tragedia a\u00e9rea fallecieron cinco tandilenses que volaban desde San Rafael"},"content":{"rendered":"<p>Cinco amigos oriundos de la ciudad bonaerense de Tandil viajaron el fin de semana en una avioneta Peeper a la ciudad mendocina de San Rafael, de all\u00ed partieron en la ma\u00f1ana del domingo para volar hasta la ciudad de Tandil, pero por razones que a\u00fan no se han establecido, la m\u00e1quina se precipit\u00f3 a tierra caus\u00e1ndole la muerte a los cinco hombres. La tragedia ocurri\u00f3 en cercanias de Quem\u00fa Quem\u00fa a 120 kms de la capital de La Pampa, Santa Rosa.m<\/p>\n<p>Las autoridades aeron\u00e1uticas tendr\u00e1n ahora que develar cu\u00e1l fue la causa. La aeronave seg\u00fan expertos era eficiente para ese tipo de vuelos y muy segura. Las fotograf\u00edas tomadas a bordo del avi\u00f3n minutos antes de partir muestran absoluta normalidad en el grupo humano siniestrado.<\/p>\n","protected":false},"excerpt":{"rendered":"<div class=\"mh-excerpt\"><p>Cinco amigos oriundos de la ciudad bonaerense de Tandil viajaron el fin de semana en una avioneta Peeper a la ciudad mendocina de San Rafael, de all\u00ed partieron en la ma\u00f1ana del domingo para volar hasta la ciudad de Tandil, pero por razones que a\u00fan no se han establecido, la m\u00e1quina se precipit\u00f3 a tierra caus\u00e1ndole la muerte a los cinco hombres. La tragedia ocurri\u00f3 en cercanias de Quem\u00fa Quem\u00fa a 120 kms de la capital de La Pampa, Santa Rosa.m Las autoridades aeron\u00e1uticas tendr\u00e1n ahora que develar cu\u00e1l fue la causa. La aeronave seg\u00fan expertos era eficiente para ese <a class=\"mh-excerpt-more\" href=\"http:\/\/dsrmedios.com.ar\/diario\/archivos\/5177\" title=\"En una tragedia a\u00e9rea fallecieron cinco tandilenses que volaban desde San Rafael\">[Leer m\u00e1s]<\/a><\/p>\n<\/div>","protected":false},"author":5,"featured_media":5178,"comment_status":"open","ping_status":"closed","sticky":false,"template":"","format":"standard","meta":{"_jetpack_newsletter_access":""},"categories":[18,7],"tags":[],"jetpack_featured_media_url":"http:\/\/dsrmedios.com.ar\/diario\/wp-content\/uploads\/2018\/04\/ByMYRrOif_930x525__1.jpg","jetpack_sharing_enabled":true,"jetpack_shortlink":"https:\/\/wp.me\/p9fihK-1lv","_links":{"self":[{"href":"http:\/\/dsrmedios.com.ar\/diario\/wp-json\/wp\/v2\/posts\/5177"}],"collection":[{"href":"http:\/\/dsrmedios.com.ar\/diario\/wp-json\/wp\/v2\/posts"}],"about":[{"href":"http:\/\/dsrmedios.com.ar\/diario\/wp-json\/wp\/v2\/types\/post"}],"author":[{"embeddable":true,"href":"http:\/\/dsrmedios.com.ar\/diario\/wp-json\/wp\/v2\/users\/5"}],"replies":[{"embeddable":true,"href":"http:\/\/dsrmedios.com.ar\/diario\/wp-json\/wp\/v2\/comments?post=5177"}],"version-history":[{"count":1,"href":"http:\/\/dsrmedios.com.ar\/diario\/wp-json\/wp\/v2\/posts\/5177\/revisions"}],"predecessor-version":[{"id":5179,"href":"http:\/\/dsrmedios.com.ar\/diario\/wp-json\/wp\/v2\/posts\/5177\/revisions\/5179"}],"wp:featuredmedia":[{"embeddable":true,"href":"http:\/\/dsrmedios.com.ar\/diario\/wp-json\/wp\/v2\/media\/5178"}],"wp:attachment":[{"href":"http:\/\/dsrmedios.com.ar\/diario\/wp-json\/wp\/v2\/media?parent=5177"}],"wp:term":[{"taxonomy":"category","embeddable":true,"href":"http:\/\/dsrmedios.com.ar\/diario\/wp-json\/wp\/v2\/categories?post=5177"},{"taxonomy":"post_tag","embeddable":true,"href":"http:\/\/dsrmedios.com.ar\/diario\/wp-json\/wp\/v2\/tags?post=5177"}],"curies":[{"name":"wp","href":"https:\/\/api.w.org\/{rel}","templated":true}]}}