{"id":5157,"date":"2018-04-06T07:53:10","date_gmt":"2018-04-06T10:53:10","guid":{"rendered":"http:\/\/dsrmedios.com.ar\/diario\/?p=5157"},"modified":"2018-04-06T07:53:10","modified_gmt":"2018-04-06T10:53:10","slug":"el-paro-bancario-sigue-hoy-viernes-y-anuncian-48-horas-mas-para-la-semana-proxima","status":"publish","type":"post","link":"http:\/\/dsrmedios.com.ar\/diario\/archivos\/5157","title":{"rendered":"El paro bancario sigue hoy viernes y anuncian 48 horas m\u00e1s para la semana pr\u00f3xima"},"content":{"rendered":"<p>La Asociaci\u00f3n Bancaria (AB) que conduce Sergio Palazzo\u00a0advirtieron que la semana pr\u00f3xima, en fecha a determinar, habr\u00e1 otra huelga, esta vez de 48 horas, si no hay &#8220;soluciones definitivas&#8221;.<\/p>\n<p>Los voceros gremiales de la organizaci\u00f3n sindical confirmaron que el paro nacional del viernes en la totalidad de las entidades financieras p\u00fablicas y privadas ser\u00e1 &#8220;activo&#8221;, es decir, habr\u00e1 movilizaciones y marchas en las principales ciudades.<\/p>\n<p>Las fuentes sindicales denunciaron &#8220;la ausencia absoluta de propuestas paritarias justas&#8221; por parte de los empresarios de las cuatro c\u00e1maras y el Banco Central (BCRA), por lo que el gremio convoc\u00f3 a la huelga nacional del viernes pr\u00f3ximo y advirti\u00f3 que la semana pr\u00f3xima habr\u00e1 otro paro de dos d\u00edas si &#8220;no se ofrecen soluciones definitivas&#8221;.<\/p>\n","protected":false},"excerpt":{"rendered":"<div class=\"mh-excerpt\"><p>La Asociaci\u00f3n Bancaria (AB) que conduce Sergio Palazzo\u00a0advirtieron que la semana pr\u00f3xima, en fecha a determinar, habr\u00e1 otra huelga, esta vez de 48 horas, si no hay &#8220;soluciones definitivas&#8221;. Los voceros gremiales de la organizaci\u00f3n sindical confirmaron que el paro nacional del viernes en la totalidad de las entidades financieras p\u00fablicas y privadas ser\u00e1 &#8220;activo&#8221;, es decir, habr\u00e1 movilizaciones y marchas en las principales ciudades. Las fuentes sindicales denunciaron &#8220;la ausencia absoluta de propuestas paritarias justas&#8221; por parte de los empresarios de las cuatro c\u00e1maras y el Banco Central (BCRA), por lo que el gremio convoc\u00f3 a la huelga nacional <a class=\"mh-excerpt-more\" href=\"http:\/\/dsrmedios.com.ar\/diario\/archivos\/5157\" title=\"El paro bancario sigue hoy viernes y anuncian 48 horas m\u00e1s para la semana pr\u00f3xima\">[Leer m\u00e1s]<\/a><\/p>\n<\/div>","protected":false},"author":5,"featured_media":5158,"comment_status":"open","ping_status":"closed","sticky":false,"template":"","format":"standard","meta":{"_jetpack_newsletter_access":""},"categories":[18,7],"tags":[],"jetpack_featured_media_url":"http:\/\/dsrmedios.com.ar\/diario\/wp-content\/uploads\/2018\/04\/bancaria.jpg","jetpack_sharing_enabled":true,"jetpack_shortlink":"https:\/\/wp.me\/p9fihK-1lb","_links":{"self":[{"href":"http:\/\/dsrmedios.com.ar\/diario\/wp-json\/wp\/v2\/posts\/5157"}],"collection":[{"href":"http:\/\/dsrmedios.com.ar\/diario\/wp-json\/wp\/v2\/posts"}],"about":[{"href":"http:\/\/dsrmedios.com.ar\/diario\/wp-json\/wp\/v2\/types\/post"}],"author":[{"embeddable":true,"href":"http:\/\/dsrmedios.com.ar\/diario\/wp-json\/wp\/v2\/users\/5"}],"replies":[{"embeddable":true,"href":"http:\/\/dsrmedios.com.ar\/diario\/wp-json\/wp\/v2\/comments?post=5157"}],"version-history":[{"count":1,"href":"http:\/\/dsrmedios.com.ar\/diario\/wp-json\/wp\/v2\/posts\/5157\/revisions"}],"predecessor-version":[{"id":5159,"href":"http:\/\/dsrmedios.com.ar\/diario\/wp-json\/wp\/v2\/posts\/5157\/revisions\/5159"}],"wp:featuredmedia":[{"embeddable":true,"href":"http:\/\/dsrmedios.com.ar\/diario\/wp-json\/wp\/v2\/media\/5158"}],"wp:attachment":[{"href":"http:\/\/dsrmedios.com.ar\/diario\/wp-json\/wp\/v2\/media?parent=5157"}],"wp:term":[{"taxonomy":"category","embeddable":true,"href":"http:\/\/dsrmedios.com.ar\/diario\/wp-json\/wp\/v2\/categories?post=5157"},{"taxonomy":"post_tag","embeddable":true,"href":"http:\/\/dsrmedios.com.ar\/diario\/wp-json\/wp\/v2\/tags?post=5157"}],"curies":[{"name":"wp","href":"https:\/\/api.w.org\/{rel}","templated":true}]}}