{"id":5153,"date":"2018-04-05T11:07:45","date_gmt":"2018-04-05T14:07:45","guid":{"rendered":"http:\/\/dsrmedios.com.ar\/diario\/?p=5153"},"modified":"2018-04-05T11:07:45","modified_gmt":"2018-04-05T14:07:45","slug":"el-gremio-la-bancaria-anuncio-un-paro-nacional-activo-para-manana-viernes-no-habra-bancos","status":"publish","type":"post","link":"http:\/\/dsrmedios.com.ar\/diario\/archivos\/5153","title":{"rendered":"El gremio La Bancaria anunci\u00f3 un paro nacional activo para ma\u00f1ana viernes. No habr\u00e1 bancos"},"content":{"rendered":"<p>La Asociaci\u00f3n Bancaria (AB) que conduce Sergio Palazzo decidi\u00f3 esta noche &#8220;un paro nacional activo&#8221; de 24 horas para el viernes pr\u00f3ximo en todas las entidades financieras p\u00fablicas y privadas ante &#8220;la ausencia de una propuesta salarial superadora por parte de las c\u00e1maras patronales&#8221;. Fuentes gremiales advirtieron que la semana pr\u00f3xima, en fecha a determinar, habr\u00e1 otra huelga, esta vez de 48 horas, si no hay &#8220;soluciones definitivas&#8221;.<br \/>\nUn comunicado con una firma &#8220;trucha&#8221; de Mar\u00eda Eugenia Vidal calent\u00f3 el conflicto del Banco Provincia<br \/>\nLos voceros de la organizaci\u00f3n sindical confirmaron a T\u00e9lam que el paro nacional del viernes en la totalidad de las entidades financieras ser\u00e1 &#8220;activo&#8221;, es decir que habr\u00e1 movilizaciones y marchas en las principales ciudades.<\/p>\n<p>fuente:www.clarin.com<\/p>\n","protected":false},"excerpt":{"rendered":"<div class=\"mh-excerpt\"><p>La Asociaci\u00f3n Bancaria (AB) que conduce Sergio Palazzo decidi\u00f3 esta noche &#8220;un paro nacional activo&#8221; de 24 horas para el viernes pr\u00f3ximo en todas las entidades financieras p\u00fablicas y privadas ante &#8220;la ausencia de una propuesta salarial superadora por parte de las c\u00e1maras patronales&#8221;. Fuentes gremiales advirtieron que la semana pr\u00f3xima, en fecha a determinar, habr\u00e1 otra huelga, esta vez de 48 horas, si no hay &#8220;soluciones definitivas&#8221;. Un comunicado con una firma &#8220;trucha&#8221; de Mar\u00eda Eugenia Vidal calent\u00f3 el conflicto del Banco Provincia Los voceros de la organizaci\u00f3n sindical confirmaron a T\u00e9lam que el paro nacional del viernes en <a class=\"mh-excerpt-more\" href=\"http:\/\/dsrmedios.com.ar\/diario\/archivos\/5153\" title=\"El gremio La Bancaria anunci\u00f3 un paro nacional activo para ma\u00f1ana viernes. No habr\u00e1 bancos\">[Leer m\u00e1s]<\/a><\/p>\n<\/div>","protected":false},"author":5,"featured_media":5010,"comment_status":"open","ping_status":"closed","sticky":false,"template":"","format":"standard","meta":{"_jetpack_newsletter_access":""},"categories":[18,6],"tags":[],"jetpack_featured_media_url":"http:\/\/dsrmedios.com.ar\/diario\/wp-content\/uploads\/2018\/03\/bancos.jpg","jetpack_sharing_enabled":true,"jetpack_shortlink":"https:\/\/wp.me\/p9fihK-1l7","_links":{"self":[{"href":"http:\/\/dsrmedios.com.ar\/diario\/wp-json\/wp\/v2\/posts\/5153"}],"collection":[{"href":"http:\/\/dsrmedios.com.ar\/diario\/wp-json\/wp\/v2\/posts"}],"about":[{"href":"http:\/\/dsrmedios.com.ar\/diario\/wp-json\/wp\/v2\/types\/post"}],"author":[{"embeddable":true,"href":"http:\/\/dsrmedios.com.ar\/diario\/wp-json\/wp\/v2\/users\/5"}],"replies":[{"embeddable":true,"href":"http:\/\/dsrmedios.com.ar\/diario\/wp-json\/wp\/v2\/comments?post=5153"}],"version-history":[{"count":1,"href":"http:\/\/dsrmedios.com.ar\/diario\/wp-json\/wp\/v2\/posts\/5153\/revisions"}],"predecessor-version":[{"id":5154,"href":"http:\/\/dsrmedios.com.ar\/diario\/wp-json\/wp\/v2\/posts\/5153\/revisions\/5154"}],"wp:featuredmedia":[{"embeddable":true,"href":"http:\/\/dsrmedios.com.ar\/diario\/wp-json\/wp\/v2\/media\/5010"}],"wp:attachment":[{"href":"http:\/\/dsrmedios.com.ar\/diario\/wp-json\/wp\/v2\/media?parent=5153"}],"wp:term":[{"taxonomy":"category","embeddable":true,"href":"http:\/\/dsrmedios.com.ar\/diario\/wp-json\/wp\/v2\/categories?post=5153"},{"taxonomy":"post_tag","embeddable":true,"href":"http:\/\/dsrmedios.com.ar\/diario\/wp-json\/wp\/v2\/tags?post=5153"}],"curies":[{"name":"wp","href":"https:\/\/api.w.org\/{rel}","templated":true}]}}