{"id":5146,"date":"2018-04-05T09:32:52","date_gmt":"2018-04-05T12:32:52","guid":{"rendered":"http:\/\/dsrmedios.com.ar\/diario\/?p=5146"},"modified":"2018-04-05T09:32:52","modified_gmt":"2018-04-05T12:32:52","slug":"el-discurso-completo-del-intendente-david-hirtz-en-la-apertura-de-sesiones-del-honorable-concejo-deliberante","status":"publish","type":"post","link":"http:\/\/dsrmedios.com.ar\/diario\/archivos\/5146","title":{"rendered":"El discurso completo del Intendente David Hirtz en la apertura de Sesiones del Honorable Concejo Deliberante"},"content":{"rendered":"<p>Apertura H.C.D. 2018<br \/>\nEn esta oportunidad, realizamos esta apertura de sesiones ante un cuerpo<br \/>\ndeliberativo que tiene una nueva composici\u00f3n, consecuencia del resultado<br \/>\nelectoral del pasado mes Octubre del a\u00f1o 2017. En ese aspecto, y muy<br \/>\nbrevemente, quiero expresar mi reconocimiento a la sociedad de Adolfo Alsina<br \/>\nque nos expres\u00f3 una vez m\u00e1s su respaldo, brind\u00e1ndonos el aliento para seguir<br \/>\ntrabajando cada d\u00eda decididamente por el crecimiento, el progreso y la calidad<br \/>\nde vida de nuestros pueblos.<br \/>\nEn ese marco no puedo menos que ratificar una mirada optimista sobre<br \/>\nnuestras posibilidades, en virtud del trabajo mancomunado que mantenemos<br \/>\ncon todos los funcionarios del gobierno nacional y provincial con quienes<br \/>\nsostenemos un contacto diario y constante, aun reconociendo que muchas<br \/>\nveces no alcanzamos la totalidad de las soluciones que esperamos,<br \/>\nseguramente consecuencia tambi\u00e9n de las dificultades que el estado nacional y<br \/>\nprovincial afrontan y que son de p\u00fablico conocimiento.<br \/>\nComo lo he expresado en otras oportunidades, es visible como la vida<br \/>\nmunicipal se hace cada d\u00eda m\u00e1s compleja, con mayores requerimientos<br \/>\nsociales y m\u00e1s demanda de servicios, solicitud de m\u00e1s calidad en la<br \/>\ncomunicaci\u00f3n, situaciones de la vida social moderna como las adicciones, la<br \/>\nviolencia familiar o de g\u00e9nero, conflictividad en la vida de nuestros ni\u00f1os y<br \/>\ntantas otras.<br \/>\nSin embargo y pese a que vamos crecientemente ocup\u00e1ndonos de todas estas<br \/>\nnuevas responsabilidades los temas esenciales que hacen de la actividad<br \/>\nmunicipal siguen estando centrados en las cuestiones vinculadas con la<br \/>\natenci\u00f3n de los sectores sociales m\u00e1s vulnerables, las obras y servicios<br \/>\np\u00fablicos, la salud, la seguridad, los temas cercanos a la producci\u00f3n, el deporte,<br \/>\nla cultura, el turismo.<br \/>\nPor ello habr\u00e9 de referirme brevemente a estos temas en forma espec\u00edfica,<br \/>\npero antes quiero describir el estado de nuestras finanzas.<br \/>\nEn este mismo acto el a\u00f1o pasado expres\u00e9 la sensaci\u00f3n de que<br \/>\nnuestra econom\u00eda municipal transitaba por dos carriles diferentes.<br \/>\nPor un lado, una cantidad de recursos afectados a obras p\u00fablicas, adjudicadas<br \/>\nmediante sucesivos convenios que iban llegando con normalidad y que nos<br \/>\npermitieron un a\u00f1o de obra record en la historia distrital. Y por el otro lado, el<br \/>\npresupuesto corriente del municipio, insuficiente para satisfacer las demandas<br \/>\ncrecientes de una sociedad que espera del estado local respuestas adecuadas<br \/>\na sus expectativas.<br \/>\nPese a mejoras en la coparticipaci\u00f3n y la adecuaci\u00f3n de las tasas municipales<br \/>\na los valores inflacionarios, el ejercicio 2017 volvi\u00f3 a mostrarnos un d\u00e9ficit<br \/>\necon\u00f3mico del orden del 10% de nuestro presupuesto, como ocurre desde<br \/>\nhace m\u00e1s de diez a\u00f1os, con las dificultades que esto significa en el manejo<br \/>\ncotidiano de los gastos y en el esfuerzo necesario para afrontar salarios.<br \/>\nResulta necesario pensar que esta situaci\u00f3n no puede sostenerse en el tiempo<br \/>\ny es por ello que cuando la Naci\u00f3n y la Provincia sugirieron formalizar<br \/>\ncompromisos en el marco de la Ley de Responsabilidad Fiscal, nos pareci\u00f3 un<br \/>\ninstrumento marco como para empezar a ajustar nuestras finanzas a la reales<br \/>\nposibilidades de ingresos y gastos.<br \/>\nLa Ley de Responsabilidad Fiscal contiene en general objetivos de un estado<br \/>\ncon econom\u00eda sana que todos podr\u00edamos compartir: entre otras cosas que el<br \/>\nmunicipio no se endeude por encima del 10% de su presupuesto, que no ocupe<br \/>\nm\u00e1s personal que el crecimiento poblacional de sus pueblos, que no<br \/>\ncomprometa aumentos salariales y gastos por encima de las previsiones de<br \/>\ninflaci\u00f3n, y que en el \u00faltimo a\u00f1o de una gesti\u00f3n no deje deudas a un futuro<br \/>\ngobierno.<br \/>\nEn este marco es que hemos adoptado una serie de medidas para<br \/>\nencuadrarnos en esta propuesta tales como la baja de alrededor de diez cargos<br \/>\npol\u00edticos y profesionales unificando tareas de dos o m\u00e1s \u00e1reas en una<br \/>\n\u00fanica secretar\u00eda, o dando de baja personal pol\u00edtico para cubrir esas tareas con<br \/>\npersonas de la carrera municipal.<br \/>\nSimult\u00e1neamente hemos establecido un control m\u00e1s riguroso en el uso de<br \/>\nhoras extras y en el gasto de combustible, que son los gastos m\u00e1s<br \/>\nsignificativos luego de los salarios que siguen represent\u00e1ndonos el 70% del<br \/>\npresupuesto corriente.<br \/>\nCon estas medidas elevamos a este Cuerpo un presupuesto 2018 equilibrado<br \/>\npara este a\u00f1o, aun reconociendo que deberemos ir resolviendo la deuda de<br \/>\nproveedores y de uso de recursos de obras utilizados el a\u00f1o pasado y que<br \/>\ndeber\u00e1n regularizarse, para lo cual nos hallamos trabajando en consonancia<br \/>\ncon el Ministerio de Econom\u00eda y con el Ministerio de Gobierno de la Provincia<br \/>\nde Buenos Aires, en la b\u00fasqueda de herramientas financieras para resolver<br \/>\nesta compleja situaci\u00f3n.<br \/>\nTambi\u00e9n creo \u00fatil informar a los Sres. Concejales que la Provincia de Buenos<br \/>\nAires est\u00e1 trabajando en la modificaci\u00f3n del C\u00f3digo \u00danico de Distribuci\u00f3n que<br \/>\ndetermina la coparticipaci\u00f3n para cada municipio.<br \/>\nUna comisi\u00f3n t\u00e9cnica, que integro a solicitud del Vice Gobernador, est\u00e1<br \/>\nevaluando modificar par\u00e1metros de ese c\u00f3digo, que hoy est\u00e1 fuertemente<br \/>\ninfluido por el rubro salud.<br \/>\nAl respecto, he llevado al seno de estas conversaciones tres consideraciones<br \/>\nque a mi juicio se deber\u00e1 tener en cuenta: Primero, que el impacto de salud<br \/>\nvaya vincul\u00e1ndose m\u00e1s a la inversi\u00f3n que el municipio haga en materia de<br \/>\nprevenci\u00f3n de enfermedades que a la cantidad de camas ocupadas. Segundo,<br \/>\nque se contemplen los altos gastos que municipios como el nuestro afrontan en<br \/>\nmateria vial con 3.000 Km de caminos de tierra, y tercero que se contemplen<br \/>\nlas fuertes inversiones que hacemos en seguridad, que nos generan un d\u00e9ficit<br \/>\nmillonario respecto de nuestros ingresos.<br \/>\nA lo largo del a\u00f1o, el Ministerio de Econom\u00eda va a trabajar en el establecimiento<br \/>\nde los nuevos par\u00e1metros, y se espera que la aplicaci\u00f3n del nuevo C\u00f3digo se<br \/>\nproduzca de manera gradual, y no afecte las finanzas de ninguno de los 135<br \/>\nMunicipios de la Provincia, y sea lo m\u00e1s justo posible para los m\u00e1s de 10<br \/>\nmillones de bonaerenses que habitan este suelo.<br \/>\nDec\u00eda en el inicio que un aspecto de gran inter\u00e9s es la inversi\u00f3n p\u00fablica en<br \/>\nobras y servicios.<br \/>\nEl a\u00f1o 2017 marc\u00f3 un record hist\u00f3rico de inversi\u00f3n p\u00fablica en Adolfo Alsina. Ya<br \/>\nsea por obras que licit\u00f3 la Provincia, por las obras que licit\u00f3 el municipio en<br \/>\nconvenio con Naci\u00f3n y Provincia o en la propia obra p\u00fablica municipal. A modo<br \/>\nde ejemplo, quiero contarles que s\u00f3lo en la mitad de esta segunda gesti\u00f3n,<br \/>\nhemos concluido 95 cuadras de cord\u00f3n cuneta, 30 de asfalto y 150 cuadras de<br \/>\nluces led en todo el Distrito.<br \/>\nTodo hace prever que este a\u00f1o esa alta expectativa de inversiones se va a<br \/>\nsostener. El mayor aporte del estado provincial en Adolfo Alsina sigue siendo la<br \/>\nrepavimentaci\u00f3n de la Ruta 60 con el primer tramo concluido y los dos<br \/>\nrestantes en pleno avance. A esta obra de m\u00e1s de 600 millones de pesos<br \/>\nhemos solicitado incorporar una rotonda de giro en el acceso Este, y la<br \/>\nrepavimentaci\u00f3n desde all\u00ed hasta el Barrio Illia y las mejoras en el giro del<br \/>\nAcceso Oeste a Carhu\u00e9 de la Ruta 60, denominado H\u00e9roes de Malvinas.<br \/>\nEstrecha vinculaci\u00f3n con el \u00e1rea de Obras P\u00fablicas, tiene la Subsecretaria de<br \/>\nServicios P\u00fablicos del Municipio, que a la tarea espec\u00edfica y tradicional ha<br \/>\nsumado en Carhu\u00e9 el sostenimiento de espacios tur\u00edsticos, la creaci\u00f3n de un<br \/>\nvivero para las nuevas ramblas y nuevos espacios a forestar, la puesta en valor<br \/>\ndel cementerio local, la mejora en equipamiento de riego, la gesti\u00f3n para la<br \/>\ncompra de dos camiones compactadores de basura y la paulatina eliminaci\u00f3n<br \/>\nde los basurales barriales pese a la dificultad que conlleva la desaprensi\u00f3n de<br \/>\nmuchos vecinos que arrojan basura indiscriminadamente cualquier d\u00eda de la<br \/>\nsemana, en cualquier horario, en cualquier sector y en zonas de actividad<br \/>\ntur\u00edstica o urbana, requiriendo un esfuerzo permanente del \u00e1rea de servicios<br \/>\np\u00fablicos para tratar de mantener razonablemente limpios los espacios p\u00fablicos.<br \/>\nHabremos de trabajar este a\u00f1o en la concientizaci\u00f3n y mejora de este servicio,<br \/>\nya que muchas ciudades del tama\u00f1o de Carhu\u00e9 realizan s\u00f3lo tres<br \/>\nrecolecciones domiciliarias por semana, cuando en nuestra localidad se<br \/>\nrealizan hasta tres recorridas diarias con el costo y desgaste humano y material<br \/>\nque ello representa.<br \/>\nEsta subsecretaria adem\u00e1s tiene a su cargo el servicio de alumbrado p\u00fablico<br \/>\nde la localidad de Carhu\u00e9 que ha tenido una ardua tarea en el recambio de<br \/>\nLED en la ciudad, se ha trabajado en la iluminaci\u00f3n de la plaza central, del<br \/>\nsector de parrillas del frente costero y en la colocaci\u00f3n de luminarias en cada<br \/>\ncuadra que a\u00fan no ten\u00edan este servicio siguiendo un plan de trabajo.<br \/>\nTambi\u00e9n, en referencia a esta subsecretaria, habr\u00eda que destacar la inversi\u00f3n<br \/>\nrealizada en el \u00e1rea de obras sanitarias, colocando nuevas bombas en la<br \/>\nestaci\u00f3n central que permiti\u00f3 terminar con los rebalses de bocas en diferentes<br \/>\nsectores de la ciudad, as\u00ed mismo tambi\u00e9n se ha invertido en la compra de dos<br \/>\naireadores nuevos para reemplazar a los existentes que ten\u00edan mas de 20 a\u00f1os<br \/>\nen servicio teniendo su vida \u00fatil agotada; estas mejoras e inversiones tambi\u00e9n<br \/>\nvan de la mano del plan de ampliaci\u00f3n de red que lleva adelante la Secretaria.<br \/>\nUn \u00e1rea de nuestros servicios que sum\u00f3 dificultades es Vialidad Rural. La<br \/>\nacumulaci\u00f3n de tres a\u00f1os consecutivos de lluvias por encima de lo habitual<br \/>\nprovoc\u00f3 roturas, cortes, alcantarillas y tubos fuera de servicio, tramos<br \/>\ninundados, localidades a punto de aislarse y la necesidad de afrontar trabajos<br \/>\nconstantemente en emergencia con alquiler de herramienta pesada de alto<br \/>\ncosto.<br \/>\nSi bien logramos sostener los caminos de producci\u00f3n m\u00e1s elementales y nunca<br \/>\nqued\u00f3 aislada una localidad, el esfuerzo nos dej\u00f3 mucha maquinaria<br \/>\ndeteriorada, un d\u00e9ficit superior a los cinco millones de pesos y la red vial en<br \/>\ngeneral en muy mal estado.<br \/>\nHoy nos hallamos estableciendo un proceso de di\u00e1logo con las entidades<br \/>\nagropecuarias de todo el distrito a fin de poder encontrar un mecanismo de<br \/>\ncolaboraci\u00f3n entre los productores y el municipio, que nos permita identificar un<br \/>\nsistema de trabajo m\u00e1s eficiente para optimizar el uso de nuestra deteriorada<br \/>\nmaquinaria, y encontrar instrumentos de financiamiento que no comprometan<br \/>\nlas finanzas municipales y que sirvan para incorporar nueva maquinaria a<br \/>\nnuestro parque actual.<br \/>\nCentr\u00e1ndome en algunas cuestiones de Obra P\u00fablica quiero destacar que<br \/>\ntienen continuidad este a\u00f1o, la primera etapa de ampliaci\u00f3n del Hospital San<br \/>\nMartin por 15 millones de pesos, la readecuaci\u00f3n de la Planta de Bombeo y<br \/>\nTratamiento de Cloacas por 6.600.000 pesos, los desag\u00fces pluviales de Villa<br \/>\nMaza por 15 millones de pesos, el avance de la obra del Centro Educativo<br \/>\nComplementario 801 de Rivera por m\u00e1s de 10 millones de pesos, y las obras<br \/>\nque he gestionado como Presidente del Comit\u00e9 de Cuenca de las Lagunas<br \/>\nEncadenadas del Oeste, que est\u00e1n en marcha o concluidas: el dragado del<br \/>\ndesvi\u00f3 del arroyo Pig\u00fc\u00e9, el alteo y mejorado del terrapl\u00e9n del Mataco, el desv\u00edo<br \/>\nde aguas en el Partidor de Pi\u00f1eyro y reparaci\u00f3n de la planta de bombeo entre<br \/>\nCochic\u00f3 y Alsina, inversiones que superan los cien millones de pesos.<br \/>\nPor supuesto tendr\u00e1n continuidad las obras municipales de cord\u00f3n cuneta,<br \/>\npavimento, repavimentaci\u00f3n, y recambio de luces led en todo el Distrito.<br \/>\nEn Carhu\u00e9 estas obras se har\u00e1n siguiendo por primera vez en la historia de<br \/>\nesta comunidad los lineamientos del plan de desarrollo urbano que llevamos<br \/>\nadelante con profesionales contratados a tal fin.<br \/>\nEn tanto avanzan a buen ritmo las obras de servicios cloacales, cord\u00f3n cuneta<br \/>\ny urbanizaci\u00f3n del Plan H\u00e1bitat firmado con el Ministerio del Interior de la<br \/>\nNaci\u00f3n para los barrios Arturo Illia, Villa Azul, Villa Margarita y Villa Rosas.<br \/>\nEste programa H\u00e1bitat ser\u00e1 concluido este a\u00f1o por lo que plantearemos ante el<br \/>\nGobierno Nacional el requerimiento de un segundo programa para el Distrito en<br \/>\nesta oportunidad destinado a Rivera.<br \/>\nEn esta gesti\u00f3n hemos puesto y seguiremos poniendo mucho \u00e9nfasis en el<br \/>\n\u00e1rea de Salud.<br \/>\nEn nuestra regi\u00f3n, los efectores de salud provinciales y nacionales se<br \/>\nencuentran absolutamente desbordados por la demanda actual, y en nuestras<br \/>\nciudades no contamos con cl\u00ednicas privadas que presten servicios de salud.<br \/>\nEn nuestro Distrito, la atenci\u00f3n de la salud es \u00edntegra y absolutamente prestada<br \/>\npor el municipio. Nuestra preocupaci\u00f3n es mantener y mejorar la alta calidad de<br \/>\nlas prestaciones que ofrecemos a la comunidad, aunque sabemos que ello<br \/>\nimplica tambi\u00e9n una muy fuerte inversi\u00f3n del presupuesto comunal para<br \/>\nsostener este servicio en todas y cada una de nuestras localidades del Distrito.<br \/>\nDesde 2012 iniciamos en Adolfo Alsina una sostenida inversi\u00f3n en<br \/>\nequipamiento y modernizaci\u00f3n de la tecnolog\u00eda para la salud, a trav\u00e9s del<br \/>\nrecurso municipal obtenido por la tasa de salud y suscribiendo convenios con<br \/>\ndiferentes actores de nivel provincial o instituciones locales; ejemplos de estos<br \/>\nes el nuevo equipo de rayos donado por el Centro de Empleados de<br \/>\nComercio, que nos permiti\u00f3 seguir avanzando hasta la Digitalizaci\u00f3n del<br \/>\nServicio en Mamograf\u00eda y Rayos. Con estas incorporaciones dimos un salto<br \/>\nimportante en la calidad prestacional.<br \/>\nA ello se sum\u00f3 la incorporaci\u00f3n del Ec\u00f3grafo, la Central de Esterilizaci\u00f3n, el<br \/>\nequipamiento en Hemoterapia y el Laboratorio del Hospital. La adquisici\u00f3n<br \/>\nde un Otoemisior Ac\u00fastico que permite detectar de forma temprana<br \/>\nproblemas de audici\u00f3n en reci\u00e9n nacidos, las mejoras en equipamiento en los<br \/>\nservicios odontol\u00f3gicos de Rivera y Maza, y las dos unidades de traslados de<br \/>\nalta complejidad que incorporamos para las localidades de Rivera y Carhu\u00e9.<br \/>\nAsimismo, hemos seguido incorporando nuevos profesionales de la salud en<br \/>\ntodas las localidades y hemos sumado un aula de capacitaci\u00f3n y formaci\u00f3n a<br \/>\ndistancia que permite que nuestros profesionales se contin\u00faen capacitando o<br \/>\nrealizando consultas con referentes del todo el pa\u00eds lo cual es fundamental para<br \/>\naumentar la calidad asistencial.<br \/>\nEn ese mismo sentido nos hallamos iniciando la carrera de enfermer\u00eda a nivel<br \/>\nlocal con un n\u00famero de inscripciones que super\u00f3 las expectativas, apostando a<br \/>\nla profesionalizaci\u00f3n del recurso y ponderando los docentes locales.<br \/>\nLa obra de ampliaci\u00f3n del Hospital San Mart\u00edn de Carhu\u00e9 de 600 m2,<br \/>\ncomprometida por nuestra gobernadora, se inici\u00f3 hace s\u00f3lo siete meses y se<br \/>\nencuentra ejecutada ya en un 25%.<br \/>\nLa primera etapa de esta ampliaci\u00f3n que incluye un \u00e1rea de guardia, shock<br \/>\nroom, internaci\u00f3n abreviada, servicio de oncolog\u00eda, consultorio y sala de<br \/>\nquimioterapia ser\u00e1 un \u00edcono de calidad para nuestra comunidad,<br \/>\nEl \u00e1rea de Producci\u00f3n ha sostenido los programas propios y con provincia.<br \/>\nCon presupuesto municipal se van reciclando nuevas opciones del Programa<br \/>\nImpulsar y nos hallamos promoviendo radicaciones en el Sector Industrial<br \/>\nPlanificado, buscando mecanismos de financiaci\u00f3n que posibilite a nuevos<br \/>\nemprendedores afrontar costos iniciales de galp\u00f3n, conexi\u00f3n el\u00e9ctrica, etc&#8230;<br \/>\nSe mantiene la distribuci\u00f3n de fondos rotatorios para diversas actividades<br \/>\nagr\u00edcolas, ganaderas o alternativas con la colaboraci\u00f3n y contralor de la<br \/>\ncomisi\u00f3n Distrital de Entidades Agropecuarias.<br \/>\nNo hemos obtenido igual resultado en la adjudicaci\u00f3n de fondos a trav\u00e9s del<br \/>\nmecanismo de la Ley Provincial de Desarrollo del Sudoeste Bonaerense que se<br \/>\nhalla con escasa financiaci\u00f3n hecho que ya hemos reclamado a la Provincia.<br \/>\nEl Turismo sigue siendo para nuestra administraci\u00f3n un objetivo central y es<br \/>\npor esto que ponemos en ello el tiempo, los recursos y la capacidad de gesti\u00f3n<br \/>\npara fomentar su desarrollo.<br \/>\nLas estad\u00edsticas indican que en los seis a\u00f1os acumulados de gesti\u00f3n se ha<br \/>\ntriplicado la asistencia de gente que visita nuestras ruinas, que viene a la<br \/>\nciudad de Carhu\u00e9 por los servicios de Spa y las piletas climatizadas.<br \/>\nPor ello seguimos teniendo una gran expectativa en la puesta en marcha del<br \/>\nComplejo Termal cuya construcci\u00f3n avanza a buen ritmo.<br \/>\nDesde el primer momento, hemos confiando en que su puesta en<br \/>\nfuncionamiento representar\u00e1 un envi\u00f3n de despegue sustancial para nuestro<br \/>\ntermalismo, y por ello seguiremos incentivando a los privados a invertir en el<br \/>\nrubro Hotelero y Gastron\u00f3mico para fomentar el desarrollo y acompa\u00f1ar as\u00ed el<br \/>\nlanzamiento inminente del Complejo Hidrotermal.<br \/>\nCabe consignar en este punto, que ya el municipio est\u00e1 haciendo uso de las,<br \/>\n66 hect\u00e1reas sobre el acceso H\u00e9roes de Malvinas entregadas en<br \/>\ncompensaci\u00f3n por los terrenos del Complejo.<br \/>\nAll\u00ed ya estamos refaccionando las viviendas, hemos trasladado el dep\u00f3sito<br \/>\nfiscal de autos detenidos y secuestrados, y prevemos desarrollar desde el \u00e1rea<br \/>\nde planeamiento distintas actividades en ese espacio excelentemente ubicado.<br \/>\nCon la presencia de autoridades provinciales dimos inauguraci\u00f3n en al<br \/>\naniversario de Carhu\u00e9 a las mejoras en el predio del camping La Chacra.<br \/>\nMediante el programa Mi Pueblo del Ministerio del Interior desarrollamos all\u00ed<br \/>\ninversiones en sanitarios de primera calidad, parrillas, caminos, iluminaci\u00f3n y la<br \/>\ncreaci\u00f3n de la senda de avistaje y fotograf\u00eda de p\u00e1jaros y fauna que recibe<br \/>\ncrecientes visitas de turistas y boys scouts.<br \/>\nJustamente en el mes que record\u00e1bamos con emoci\u00f3n el aniversario de haber<br \/>\nsido noticia en todo el mundo con el Record Guinness 2017 un grupo de<br \/>\ninvestigadores de las Universidades de Buenos Aires, Austral, Barcelona y<br \/>\nHarvard patrocinados por laboratorios medicinales nos dan la buena nueva de<br \/>\nla existencia de algunos micro organismos en las aguas de Epecu\u00e9n,<br \/>\ndenominados Arqueas, que potencialmente podr\u00edan ser de gran desarrollo para<br \/>\nactividades medicinales y de laboratorio.<br \/>\nEsta comisi\u00f3n cient\u00edfica regresar\u00e1 este mes para recoger nuevas muestras y<br \/>\nseguir trabajando en sus investigaciones. Una raz\u00f3n m\u00e1s para seguir<br \/>\napostando a las posibilidades que nos brinda esta fuente de aguas notables.<br \/>\nPara este a\u00f1o, vamos a redoblar los esfuerzos en la organizaci\u00f3n de la<br \/>\nSegunda Carrera \u201cVuelta al Lago Epecu\u00e9n\u201d, que apostamos a que se convierta<br \/>\nen un evento emblema de nuestro distrito.<br \/>\nDe cara a la futura temporada, y si el tiempo nos sigue acompa\u00f1ando, vamos a<br \/>\nencarar mejoras en el Balneario Eco Sustentable con un nuevo parador,<br \/>\nreparando el camino, mejorando el sector del balneario y de las duchas, y<br \/>\nreacondicionando los sanitarios.<br \/>\nHemos sostenido tambi\u00e9n una intensa actividad en tres \u00e1reas que si bien<br \/>\nalcanzan a toda nuestra sociedad, est\u00e1n m\u00e1s direccionadas a nuestra juventud:<br \/>\nme refiero al deporte y la cultura y educaci\u00f3n.<br \/>\nEn este aspecto s\u00f3lo deseo resaltar que sigue resultando exitosa la actividad<br \/>\nque generamos tanto en la vida universitaria con la UPSO como la<br \/>\nconvocatoria de la Escuela de Ense\u00f1anza T\u00e9cnica y la Escuela de Formaci\u00f3n<br \/>\nProfesional, que ha tenido que desdoblar cursos debido a la importancia de su<br \/>\nmatricula.<br \/>\nLas dos aulas que construimos para su crecimiento ya resultan insuficientes y<br \/>\nnos hallamos en la etapa de lograr nuevos espacios f\u00edsicos.<br \/>\nTambi\u00e9n destaco como muy exitosa la convocatoria a las clases de la Escuela<br \/>\nde Enfermer\u00eda con una inscripci\u00f3n que supera largamente nuestra expectativa.<br \/>\nEstamos avanzando con el Ministerio de Innovaci\u00f3n, Ciencia y Tecnolog\u00eda<br \/>\nde la Provincia de Buenos Aires, en lograr el funcionamiento de un aula de<br \/>\nrob\u00f3tica en nuestra ciudad.<br \/>\nEn ese marco, acaban de concluir con \u00e9xito las jornadas de la muestra<br \/>\nitinerante de Ciencia y Tecnolog\u00eda de la Provincia de Buenos Aires, cuyo<br \/>\nprograma se relanz\u00f3 este a\u00f1o en nuestro Distrito, en un gesto que<br \/>\nagradecemos al Ministro Jorge Elustondo y a todo su equipo que nos<br \/>\nacompa\u00f1\u00f3 en esos d\u00edas de semana santa.<br \/>\nEn materia de obras e inversi\u00f3n en el \u00e1rea educativa y de cultura recuerdo las<br \/>\nampliaciones de instalaciones que inauguramos en el Museo Adolfo Alsina y la<br \/>\ninauguraci\u00f3n de la Escuela de Cer\u00e1mica como ampliaci\u00f3n a la Casa de la<br \/>\nCultura y destaco que hace pocos d\u00edas suscribimos con el Director Gral. de<br \/>\nEscuelas y Cultura Lic. Gabriel S\u00e1nchez Zinny y junto al Presidente del<br \/>\nConsejo Escolar el convenio mediante el cual fijamos las prioridades en las que<br \/>\nvolcaremos casi 20 millones de pesos del fondo educativo municipal.<br \/>\nAl mismo tiempo la provincia se comprometi\u00f3 a la ejecuci\u00f3n de obras que<br \/>\nven\u00edamos demandando de las cuales destaco:<br \/>\nProsecuci\u00f3n de la ampliaci\u00f3n de la Escuela Agraria Bernardo de Irigoyecn de<br \/>\nRivera.<br \/>\nReparaci\u00f3n total de los techos de la Escuela Secundaria N\u00ba 4 de Villa Maza.<br \/>\nConstrucci\u00f3n de Aulas y Talleres en la Escuela de Educaci\u00f3n T\u00e9cnica N\u00ba 1 de<br \/>\nCarhu\u00e9.<br \/>\nLa licitaci\u00f3n del nuevo Jard\u00edn de Infantes de Carhu\u00e9.<br \/>\nLos sanitarios de la Escuela N\u00ba 1 de Carhu\u00e9.<br \/>\nLa ampliaci\u00f3n del Jard\u00edn 901 Olga Vignau de Carhu\u00e9.<br \/>\nLa terminaci\u00f3n del Centro Educativo Complementario N\u00ba 801 de Rivera,<br \/>\nSiempre destaco que el Municipio es el \u00fanico de los estamentos del estado que<br \/>\nno tiene responsabilidad constitucional en materia educativa que est\u00e1<br \/>\nreservada a la Naci\u00f3n y la Provincia.<br \/>\nSin embargo esta gesti\u00f3n ha considerado de tanta importancia la educaci\u00f3n, de<br \/>\nnuestros chicos que desde el primer a\u00f1o hemos volcado esfuerzos importantes<br \/>\nen el \u00e1rea educativa.<br \/>\nCon el Fondo Educativo hemos encarado tambi\u00e9n varias obras de importancia<br \/>\npara la comunidad educativa entre las que quiero destacar,<br \/>\nLa Cocina del CEC N\u00ba 802 de Villa Maza.<br \/>\nLa provisi\u00f3n de los juegos al Jard\u00edn de Infantes N\u00ba 903 de San Miguel Arc\u00e1ngel.<br \/>\nLa provisi\u00f3n de Notebooks para el Centro de Formaci\u00f3n Profesional destinadas<br \/>\nal Programa 111 mil que formar\u00e1 programadores en nuestro Distrito.<br \/>\nLa puesta en valor de la Jefatura Distrital de Ense\u00f1anza<br \/>\nLa construcci\u00f3n de la Cocina en la Escuela Secundaria N\u00ba 4 de Villa Maza.<br \/>\nLa construcci\u00f3n del SUM de la Escuela N\u00ba 17 del Barrio Arturo Illia de Carhu\u00e9.<br \/>\nLa construcci\u00f3n de un nuevo cuerpo de ba\u00f1os en el CEF N\u00ba 28 de Carhu\u00e9, y la<br \/>\ncalefacci\u00f3n del SUM.<br \/>\nY la mejora en la accesibilidad de las adyacencias de la Escuela Primaria, el<br \/>\nJard\u00edn de Infantes, y el Comedor Escolar del Barrio Illlia.<br \/>\nEstoy convencido que la mejora en la calidad educativa y la incorporaci\u00f3n de<br \/>\nm\u00e1s conocimiento en nuestra poblaci\u00f3n es la principal herramienta de<br \/>\ncrecimiento. El mundo avanza en materia de conocimiento y tecnolog\u00eda a una<br \/>\nvelocidad incre\u00edble. Si nos quedamos discutiendo cuestiones secundarias la<br \/>\nrevoluci\u00f3n tecnol\u00f3gica no nos va a esperar.<br \/>\nSimilar actividad: intensa y comprometida llevamos adelante en la Direcci\u00f3n<br \/>\nde Deportes. Los centenares y centenares de ni\u00f1os, j\u00f3venes y adultos que<br \/>\nparticipan de actividades o competencias distritales, regionales, provinciales o<br \/>\nnacionales en muchos casos con resonantes \u00e9xitos deportivos y atl\u00e9ticos nos<br \/>\nratifican en seguir apoyando decididamente esta actividad.<br \/>\nHace escaso tiempo en un acto de reconocimiento al esfuerzo de tantos atletas<br \/>\ny deportistas realizamos un simp\u00e1tico acto de reconocimiento a cada una de<br \/>\nlas disciplinas m\u00e1s destacadas.-<br \/>\nLa interacci\u00f3n de esta \u00e1rea con Turismo y Cultura viene generando en forma<br \/>\ncada vez mas exitosa actividades en com\u00fan que resultan altamente<br \/>\nconvocantes para nuestros atletas pero que tambi\u00e9n atraen al Distrito<br \/>\nimportante cantidad de visitantes a competir acompa\u00f1ados de sus familias.<br \/>\nUna tarea que generalmente se realiza sin promocionarse pero altamente<br \/>\nnecesaria que requiere de recursos y sensibilidad en las decisiones es el \u00e1rea<br \/>\nde Desarrollo Social.<br \/>\nDesde el sector dependen una importante cantidad de actividades sensibles a<br \/>\nlas demandas de los sectores mas necesitados: Casa del Ni\u00f1o, Casa de D\u00eda<br \/>\nEvita, Programa Envi\u00f3n, Secretaria de Menor y Familia, Mini Residencias de<br \/>\nAbuelos, Consejo de Prevenci\u00f3n de Adicciones, \u00c1rea de Discapacidad,<br \/>\nrelaciones con Salud, IOMA, PAMI, IPS y tantos mas.<br \/>\nEn esta Secretar\u00eda nos hallamos dotando de nuevos recursos y m\u00e1s y mejores<br \/>\nprogramas en convenio con la Provincia de Buenos Aires. Adem\u00e1s, este a\u00f1o<br \/>\ncomenzaremos a trabajar en la puesta en valor de la Nueva Sede de la<br \/>\nSecretar\u00eda de Desarrollo Social, que estar\u00e1 ubicada en la casa municipal de la<br \/>\ncalle Alberdi y 25 de Mayo.<br \/>\nVamos a seguir destinando muchos recursos este a\u00f1o, a t\u00edtulo de ejemplo s\u00f3lo<br \/>\nen guardapolvos, zapatillas y \u00fatiles escolares acabamos de invertir casi medio<br \/>\nmill\u00f3n de pesos.<br \/>\nUna breve reflexi\u00f3n en este inicio de sesiones del H. Concejo sobre el tema<br \/>\nSeguridad: Somos el \u00fanico Distrito de la regi\u00f3n (salvo Bah\u00eda Blanca) que<br \/>\ncuenta con la totalidad de las reparticiones e instrumentos policiales<br \/>\ndisponibles: la Polic\u00eda Comunal con sus dependencias en cada localidad, la<br \/>\nPatrulla Rural y sus delegaciones en el interior, la Comisaria de la Mujer, la<br \/>\nDelegaci\u00f3n de Antinarc\u00f3ticos, la Direcci\u00f3n de Investigaciones y la Polic\u00eda<br \/>\nPericial o Cient\u00edfica. Estas tres \u00faltimas delegaciones con sede en Carhu<br \/>\nLa complejidad de los distintos cuerpos y cantidad de m\u00f3viles y equipamiento<br \/>\ntambi\u00e9n representan un motivo de fuerte quebranto para el municipio ya que<br \/>\nlos recursos que aporta el Ministerio de Seguridad cubren poco mas de 15% de<br \/>\nlos gastos mensuales que esta actividad genera y venimos reclamando esa<br \/>\ninequidad desde nuestra primera gesti\u00f3n.<br \/>\nLa Secretar\u00eda de Gobierno ha desplegado una tarea intensa en el \u00faltimo a\u00f1o.<br \/>\nDesarrollamos el nuevo Sitio Web, considerando 20 indicadores de un estudio<br \/>\nde Expertos de la Provincia y habilitamos un sistema de Reclamos On Line<br \/>\npara Servicios P\u00fablicos.<br \/>\nNos incorporamos a la Red de Ciudades Inteligentes de Argentina junto a<br \/>\notros municipios de todo el pa\u00eds, implementamos un Sistema de Seguimiento<br \/>\nde Expedientes Online para consultas internas y externas, y Desarrollamos un<br \/>\nsistema de Geo localizaci\u00f3n de Obras de Asfalto, Cord\u00f3n Cuneta, Cloacas,<br \/>\nLuminarias y Gas.<br \/>\nIncorporamos dos nuevas Centrales Telef\u00f3nicas en el Hospital y el Palacio<br \/>\nMunicipal, y sumamos Puntos de Acceso WIFI en la Plaza Levalle y en el<br \/>\nBarrio Illia, con la asistencia del Ministerio de Modernizaci\u00f3n.<br \/>\nCapacitamos con el IPAP sobre Trabajo en Equipo, Excel, Atenci\u00f3n al<br \/>\nCiudadano, y Procedimiento Administrativo.<br \/>\nImplementamos el Programa Activar, Nuestro Primer Proyecto junto a la<br \/>\nJefatura de Inspecci\u00f3n de Ense\u00f1anza, y al Consejo Escolar.<br \/>\nAsistimos al Centro de Formaci\u00f3n Profesional en la implementaci\u00f3n del<br \/>\nPrograma 111 Mil para la formaci\u00f3n de programadores.<br \/>\nDesarrollamos varias campa\u00f1as de asuntos p\u00fablicos entre las que podr\u00edamos<br \/>\ndestacar la del \u201cR\u00e9cord Guinness\u201d, la Campa\u00f1a de Concientizaci\u00f3n sobre la<br \/>\nviolencia de g\u00e9nero junto con organizaciones de la comunidad, denominada \u201cNi<br \/>\nUna menos\u201d, la Campa\u00f1a de donaci\u00f3n de m\u00e9dula \u00f3sea y de Promoci\u00f3n del<br \/>\nHospital San Mart\u00edn como Centro de Registro, \u201cEncontr\u00e1 tu media naranja\u201d y<br \/>\nla Campa\u00f1a de Prevenci\u00f3n del consumo de tabaco en conjunto con Salud,<br \/>\nCPA, Envi\u00f3n y el Centro de D\u00eda \u201cEvita\u201d, denominada \u201cYo tambi\u00e9n lo dej\u00e9\u201d<br \/>\nTrabajando conjuntamente con la Escriban\u00eda General de Gobierno de la<br \/>\nProvincia y logramos la entrega de 172 Escrituras en todo el distrito.<br \/>\nEn este sentido, el pr\u00f3ximo 17 de Abril, junto a la Escriban\u00eda General de<br \/>\nGobierno, haremos entregas de las \u00faltimas Escrituras del Barrio Illia, y de las<br \/>\nEscrituras del Predio La Isla, que vendr\u00e1 a culminar un largo tr\u00e1mite en el que<br \/>\neste Cuerpo ha puesto tambi\u00e9n mucho trabajo.<br \/>\nDesarrollamos el Programa Plan Familia Propietaria, a trav\u00e9s del cual 23<br \/>\nfamilias de Villa Maza y 12 de Rivera acceder\u00e1n a sus terrenos.<br \/>\nRegularizamos el R\u00e9gimen de Dominio y Administraci\u00f3n de las Parcelas del<br \/>\nSector Industrial Planificado de Carhu\u00e9.<br \/>\nY adem\u00e1s, comenzamos con el Proyecto Misi\u00f3n 80 a\u00f1os, de mejoramiento del<br \/>\nPalacio Municipal, en vistas al Aniversario N\u00ba 80 de la obra de Salamone, que<br \/>\ntendr\u00e1 lugar en Diciembre de este mismo a\u00f1o.<br \/>\nEn definitiva Sr. Presidente, Sres. Concejales podr\u00edamos extendernos sobre<br \/>\notras diversas actividades de las cuales la vida municipal se debe<br \/>\nresponsabilizar d\u00eda a d\u00eda.<br \/>\nComo bien se ha definido el municipio es &#8220;el estado que se toca&#8221; y al que<br \/>\nacude el vecino cada d\u00eda cuando procura soluciones aun de aquellas<br \/>\ncuestiones que no pertenecen a nuestra jurisdicci\u00f3n.<br \/>\nPero para no extenderme prefiero hacer algunas reflexiones sobre lo general:<br \/>\nA nadie escapa que el gobierno nacional y provincial se halla intentando un<br \/>\nfuerte cambio en las formas de hacer pol\u00edtica, en los modos de gestionar, en<br \/>\nmateria de transparencia, de lucha contra el delito y la corrupci\u00f3n, aun en un<br \/>\nmarco econ\u00f3mico complejo.<br \/>\nCada uno evaluar\u00e1 en lo personal lo exitoso o no de este camino.<br \/>\nQuiero significar sin embargo que para Adolfo Alsina como gesti\u00f3n p\u00fablica el<br \/>\ncambio ha sido sin duda provechoso no s\u00f3lo en materia de los casi mil millones<br \/>\nde pesos invertidos en los dos \u00faltimos a\u00f1os sino en la tarea cotidiana.<br \/>\nEn la cercan\u00eda del equipo de Gobierno que encabeza la gobernadora Mar\u00eda<br \/>\nEugenia Vidal, que nos ha prometido volver por el Distrito en los pr\u00f3ximos<br \/>\nmeses concretando varios sue\u00f1os largamente trabajados y esperados como<br \/>\nentregar las \u00faltimas escrituras del Barrio Illia, Escrituras de los programas<br \/>\nfamilia propietaria, de los terrenos del Plan Procrear, la puesta en marcha de<br \/>\nlos equipos biom\u00e9tricos en todas las dependencias del Registro Provincial de<br \/>\nlas Personas que conveniamos con el Ministro De la Torre cuando nos visit\u00f3 y<br \/>\ntantas otras expectativas que tenemos y gestionamos diariamente.<br \/>\nPor el trabajo realizado y por lo que esperamos poder concretar este a\u00f1o<br \/>\nexpreso mi reconocimiento a todos los que constituimos desde cada lugar el<br \/>\nequipo municipal: delegados municipales de cada localidad, funcionarios<br \/>\npol\u00edticos y de carrera, empleados municipales en todas sus jerarqu\u00edas, Sres.<br \/>\nConcejales y Consejeros Escolares a quienes agradezco el compromiso de<br \/>\ntrabajo y me pongo a disposici\u00f3n para que en la tarea com\u00fan de tres espacios<br \/>\nfundamentales de la vida p\u00fablica comunal, estemos en contacto permanente.<br \/>\nVamos a transitar un a\u00f1o despejado de calendarios electorales que<br \/>\ngeneralmente nos restan tiempo de gesti\u00f3n. Es por ello que deseo que toda la<br \/>\nenerg\u00eda y expectativa de trabajo est\u00e9 puesta al servicio de nuestra gente.<br \/>\nDe aquella que ha confiado en nuestro trabajo y nos ha colocado a cada uno<br \/>\nde nosotros en estos espacios de gesti\u00f3n.<br \/>\nTrabajemos juntos para no defraudarlos<\/p>\n","protected":false},"excerpt":{"rendered":"<div class=\"mh-excerpt\"><p>Apertura H.C.D. 2018 En esta oportunidad, realizamos esta apertura de sesiones ante un cuerpo deliberativo que tiene una nueva composici\u00f3n, consecuencia del resultado electoral del pasado mes Octubre del a\u00f1o 2017. En ese aspecto, y muy brevemente, quiero expresar mi reconocimiento a la sociedad de Adolfo Alsina que nos expres\u00f3 una vez m\u00e1s su respaldo, brind\u00e1ndonos el aliento para seguir trabajando cada d\u00eda decididamente por el crecimiento, el progreso y la calidad de vida de nuestros pueblos. En ese marco no puedo menos que ratificar una mirada optimista sobre nuestras posibilidades, en virtud del trabajo mancomunado que mantenemos con todos <a class=\"mh-excerpt-more\" href=\"http:\/\/dsrmedios.com.ar\/diario\/archivos\/5146\" title=\"El discurso completo del Intendente David Hirtz en la apertura de Sesiones del Honorable Concejo Deliberante\">[Leer m\u00e1s]<\/a><\/p>\n<\/div>","protected":false},"author":5,"featured_media":5147,"comment_status":"open","ping_status":"closed","sticky":false,"template":"","format":"standard","meta":{"_jetpack_newsletter_access":""},"categories":[18,5],"tags":[],"jetpack_featured_media_url":"http:\/\/dsrmedios.com.ar\/diario\/wp-content\/uploads\/2018\/04\/sesiones.jpg","jetpack_sharing_enabled":true,"jetpack_shortlink":"https:\/\/wp.me\/p9fihK-1l0","_links":{"self":[{"href":"http:\/\/dsrmedios.com.ar\/diario\/wp-json\/wp\/v2\/posts\/5146"}],"collection":[{"href":"http:\/\/dsrmedios.com.ar\/diario\/wp-json\/wp\/v2\/posts"}],"about":[{"href":"http:\/\/dsrmedios.com.ar\/diario\/wp-json\/wp\/v2\/types\/post"}],"author":[{"embeddable":true,"href":"http:\/\/dsrmedios.com.ar\/diario\/wp-json\/wp\/v2\/users\/5"}],"replies":[{"embeddable":true,"href":"http:\/\/dsrmedios.com.ar\/diario\/wp-json\/wp\/v2\/comments?post=5146"}],"version-history":[{"count":1,"href":"http:\/\/dsrmedios.com.ar\/diario\/wp-json\/wp\/v2\/posts\/5146\/revisions"}],"predecessor-version":[{"id":5148,"href":"http:\/\/dsrmedios.com.ar\/diario\/wp-json\/wp\/v2\/posts\/5146\/revisions\/5148"}],"wp:featuredmedia":[{"embeddable":true,"href":"http:\/\/dsrmedios.com.ar\/diario\/wp-json\/wp\/v2\/media\/5147"}],"wp:attachment":[{"href":"http:\/\/dsrmedios.com.ar\/diario\/wp-json\/wp\/v2\/media?parent=5146"}],"wp:term":[{"taxonomy":"category","embeddable":true,"href":"http:\/\/dsrmedios.com.ar\/diario\/wp-json\/wp\/v2\/categories?post=5146"},{"taxonomy":"post_tag","embeddable":true,"href":"http:\/\/dsrmedios.com.ar\/diario\/wp-json\/wp\/v2\/tags?post=5146"}],"curies":[{"name":"wp","href":"https:\/\/api.w.org\/{rel}","templated":true}]}}