{"id":5138,"date":"2018-04-05T09:18:59","date_gmt":"2018-04-05T12:18:59","guid":{"rendered":"http:\/\/dsrmedios.com.ar\/diario\/?p=5138"},"modified":"2018-04-05T09:18:59","modified_gmt":"2018-04-05T12:18:59","slug":"el-pasado-26-e-marzo-se-realizo-una-asamblea-de-instituciones-y-productores-en-reclamo-por-los-caminos-rurales","status":"publish","type":"post","link":"http:\/\/dsrmedios.com.ar\/diario\/archivos\/5138","title":{"rendered":"El pasado 26 e Marzo se realiz\u00f3 una asamblea de instituciones y productores en reclamo por los caminos rurales"},"content":{"rendered":"<p><strong>Acta Asamblea de Productores por los caminos rurales.<\/strong><\/p>\n<p>En Carhu\u00e9, a los 26 d\u00edas de mes de Marzo de 2018, en el sal\u00f3n social de la Cooperativa Agr\u00edcola Ganadera Limitada de Adolfo Alsina cita en calle Roque S\u00e1enz Pe\u00f1a 841 de esta localidad, con la presencia de 112 productores y dirigentes de las siguientes instituciones, Cooperativa de San Miguel Arc\u00e1ngel, Cooperativa Agropecuaria de Darregueira, Cooperativa la Emancipaci\u00f3n de Darregueira,\u00a0 Cooperativa Agr\u00edcola de P\u00faan, Cooperativa El\u00e9ctrica de San Miguel Arc\u00e1ngel, Cooperativa Ltda. de electricidad Rural y Servicios Anexos (CLERYSA), Asoc. de Agricultores y Ganaderos de Sudoeste de la Provincia de Bs. Aires, Cooperativa Adolfo Alsina y la Sociedad Rural de Adolfo Alsina.<\/p>\n<p><a href=\"http:\/\/dsrmedios.com.ar\/diario\/wp-content\/uploads\/2018\/04\/asamblea-2.jpg\"><img decoding=\"async\" loading=\"lazy\" class=\"aligncenter size-full wp-image-5140\" src=\"http:\/\/dsrmedios.com.ar\/diario\/wp-content\/uploads\/2018\/04\/asamblea-2.jpg\" alt=\"\" width=\"1024\" height=\"768\" srcset=\"http:\/\/dsrmedios.com.ar\/diario\/wp-content\/uploads\/2018\/04\/asamblea-2.jpg 1024w, http:\/\/dsrmedios.com.ar\/diario\/wp-content\/uploads\/2018\/04\/asamblea-2-300x225.jpg 300w, http:\/\/dsrmedios.com.ar\/diario\/wp-content\/uploads\/2018\/04\/asamblea-2-768x576.jpg 768w, http:\/\/dsrmedios.com.ar\/diario\/wp-content\/uploads\/2018\/04\/asamblea-2-678x509.jpg 678w, http:\/\/dsrmedios.com.ar\/diario\/wp-content\/uploads\/2018\/04\/asamblea-2-326x245.jpg 326w, http:\/\/dsrmedios.com.ar\/diario\/wp-content\/uploads\/2018\/04\/asamblea-2-80x60.jpg 80w\" sizes=\"(max-width: 1024px) 100vw, 1024px\" \/><\/a><\/p>\n<p>Siendo las 9.30 horas se da inicio a la Asamblea donde el Presidente de la Instituci\u00f3n anfitriona Sr. Sergio Baratcabal da la bienvenida y cede la coordinaci\u00f3n a la Sociedad Rural a manos de su secretario el Sr. Juan Carlos Vidart, que da lectura a la nota que enviara el Sr. Intendente Municipal, dando a conocer su no concurrencia y solicita que se designen\u00a0 delegados que emerjan de la Asamblea y le lleven las inquietudes que de la misma surjan, tambi\u00e9n se aclara que los concejales estaban invitados y no participaron; se suma otro malestar\u00a0 al de los caminos, el coordinador realiza una breve presentaci\u00f3n del porque se llam\u00f3 a Asamblea y se abre el debate a los concurrentes, cada productor que solicita la palabra manifiesta su disconformidad con el Municipio por el estado en que se encuentran los caminos y la poca importancia que le brindan a los mismos, luego de un profundo debate se resuelve por mayor\u00eda dirigirse a la Municipalidad y solicitar que nos reciba el Sr. Intendente para plantear lo acordado en la Asamblea, en 1\u00ba lugar designar un director de Vialidad propuesto por las entidades del sector que comparta sus decisiones no solo con el Municipio sino con los productores y sus honorarios deben estar cubiertos con la cuota de la tasa vial, 2\u00ba lugar, se acord\u00f3 que el Municipio no puede seguir manejando el Servicio Vial, por lo que se le pedir\u00e1 al Sr. Intendente que el servicio debe ser tercie rizado, una vez aceptado se ver\u00e1 bajo que figura se crea el ente. Y en 3\u00ba lugar se le solicita al Ejecutivo que nos haga llegar un informe de lo proyectado y ejecutado en el 2017 y lo mismo para el a\u00f1o en curso, conjuntamente con un informe del parque vial y el personal que tienen afectado.<\/p>\n<p>Se va a la Municipalidad, y por la ausencia del Sr. Intendente, somos atendidos por el Jefe de gabinete Sr. Sergio Suarez y el Secretario de Hacienda Sr. Mart\u00edn Gavio, a los que se les comunica lo resuelto en la Asamblea, comprometi\u00e9ndose a informar al Sr. Intendente y dentro de los 7 d\u00edas mantener una reuni\u00f3n con el ejecutivo a efectos de tener una respuesta a lo solicitado, tambi\u00e9n se les informa que el d\u00eda lunes 16 de Abril se llevara a cabo otra asamblea para reanudar las conversaciones sobre los tres puntos mencionados, pero con la presencia del Sr. Intendente Municipal.<\/p>\n<p>Terminada con la audiencia se procede a informar a los productores que acompa\u00f1aron a la delegaci\u00f3n y que permanec\u00edan en el hall\u00a0 del municipio, comprometi\u00e9ndose todos los presentes a mantenerse a alertas y volver a participar en la pr\u00f3xima Asamblea.<\/p>\n<p>&nbsp;<\/p>\n<p>&nbsp;<\/p>\n","protected":false},"excerpt":{"rendered":"<div class=\"mh-excerpt\"><p>Acta Asamblea de Productores por los caminos rurales. En Carhu\u00e9, a los 26 d\u00edas de mes de Marzo de 2018, en el sal\u00f3n social de la Cooperativa Agr\u00edcola Ganadera Limitada de Adolfo Alsina cita en calle Roque S\u00e1enz Pe\u00f1a 841 de esta localidad, con la presencia de 112 productores y dirigentes de las siguientes instituciones, Cooperativa de San Miguel Arc\u00e1ngel, Cooperativa Agropecuaria de Darregueira, Cooperativa la Emancipaci\u00f3n de Darregueira,\u00a0 Cooperativa Agr\u00edcola de P\u00faan, Cooperativa El\u00e9ctrica de San Miguel Arc\u00e1ngel, Cooperativa Ltda. de electricidad Rural y Servicios Anexos (CLERYSA), Asoc. de Agricultores y Ganaderos de Sudoeste de la Provincia de Bs. <a class=\"mh-excerpt-more\" href=\"http:\/\/dsrmedios.com.ar\/diario\/archivos\/5138\" title=\"El pasado 26 e Marzo se realiz\u00f3 una asamblea de instituciones y productores en reclamo por los caminos rurales\">[Leer m\u00e1s]<\/a><\/p>\n<\/div>","protected":false},"author":5,"featured_media":5139,"comment_status":"open","ping_status":"closed","sticky":false,"template":"","format":"standard","meta":{"_jetpack_newsletter_access":""},"categories":[18],"tags":[],"jetpack_featured_media_url":"http:\/\/dsrmedios.com.ar\/diario\/wp-content\/uploads\/2018\/04\/asamblea.jpg","jetpack_sharing_enabled":true,"jetpack_shortlink":"https:\/\/wp.me\/p9fihK-1kS","_links":{"self":[{"href":"http:\/\/dsrmedios.com.ar\/diario\/wp-json\/wp\/v2\/posts\/5138"}],"collection":[{"href":"http:\/\/dsrmedios.com.ar\/diario\/wp-json\/wp\/v2\/posts"}],"about":[{"href":"http:\/\/dsrmedios.com.ar\/diario\/wp-json\/wp\/v2\/types\/post"}],"author":[{"embeddable":true,"href":"http:\/\/dsrmedios.com.ar\/diario\/wp-json\/wp\/v2\/users\/5"}],"replies":[{"embeddable":true,"href":"http:\/\/dsrmedios.com.ar\/diario\/wp-json\/wp\/v2\/comments?post=5138"}],"version-history":[{"count":1,"href":"http:\/\/dsrmedios.com.ar\/diario\/wp-json\/wp\/v2\/posts\/5138\/revisions"}],"predecessor-version":[{"id":5141,"href":"http:\/\/dsrmedios.com.ar\/diario\/wp-json\/wp\/v2\/posts\/5138\/revisions\/5141"}],"wp:featuredmedia":[{"embeddable":true,"href":"http:\/\/dsrmedios.com.ar\/diario\/wp-json\/wp\/v2\/media\/5139"}],"wp:attachment":[{"href":"http:\/\/dsrmedios.com.ar\/diario\/wp-json\/wp\/v2\/media?parent=5138"}],"wp:term":[{"taxonomy":"category","embeddable":true,"href":"http:\/\/dsrmedios.com.ar\/diario\/wp-json\/wp\/v2\/categories?post=5138"},{"taxonomy":"post_tag","embeddable":true,"href":"http:\/\/dsrmedios.com.ar\/diario\/wp-json\/wp\/v2\/tags?post=5138"}],"curies":[{"name":"wp","href":"https:\/\/api.w.org\/{rel}","templated":true}]}}