{"id":5123,"date":"2018-04-04T11:11:02","date_gmt":"2018-04-04T14:11:02","guid":{"rendered":"http:\/\/dsrmedios.com.ar\/diario\/?p=5123"},"modified":"2018-04-04T11:11:02","modified_gmt":"2018-04-04T14:11:02","slug":"semana-santa-a-pura-ciencia-y-tecnologia-en-nuestra-ciudad","status":"publish","type":"post","link":"http:\/\/dsrmedios.com.ar\/diario\/archivos\/5123","title":{"rendered":"Semana Santa a pura Ciencia y Tecnolog\u00eda en nuestra ciudad"},"content":{"rendered":"<p>El Ministerio de Ciencia, Tecnolog\u00eda e Innovaci\u00f3n (MCTI) relanz\u00f3 este fin de semana en Carhu\u00e9Estaci\u00f3n Ciencia, la feria itinerante del conocimiento que recorre el territorio provincial acercando a chicos y grandes propuestas interactivas para aprender jugando. M\u00e1s de 4 mil bonaerenses disfrutaron de m\u00faltiples actividades libres y gratuitas.<br \/>\nLa feria, realizada entre el mi\u00e9rcoles y el s\u00e1bado \u00faltimos en la Casa de la Cultura, cont\u00f3 con la visita del vicegobernador bonaerense, Daniel Salvador; el titular de la cartera provincial de Ciencia, Jorge Elustondo; el intendente de Adolfo Alsina, David Hirtz; los legisladores provinciales Horacio L\u00f3pez, Anah\u00ed Bilbao y Emiliano Balb\u00edn y los jefes comunales de Coronel Dorrego, General La Madrid, Pu\u00e1n y Salliquel\u00f3, entre otros funcionarios de la Provincia y la regi\u00f3n.<br \/>\nEl Intendente David Hirtz se\u00f1al\u00f3 que el hecho de que el Ministerio de Ciencia, Tecnolog\u00eda e Innovaci\u00f3n de la provincia eligiera Adolfo Alsina para comenzar su recorrido 2018 &#8220;Representaba una gran alegr\u00eda y tambi\u00e9n un gran desaf\u00edo&#8221; al mismo tiempo que afirm\u00f3 que &#8221;<br \/>\nEsto viene a incentivar a nuestro j\u00f3venes de la importancia de la ciencia y la tecnolog\u00eda\u201d. Por \u00faltimo Hirtz destac\u00f3 la importancia de trabajar con estas propuestas educativas innovadoras.<\/p>\n<p>&#8220;El mundo sigue avanzando, hay toda una posibilidad afuera de las fronteras de nuestro pa\u00eds y si nosotros no trabajamos en todos y cada uno de nuestros lugares por la formaci\u00f3n de nuestros j\u00f3venes y por la generaci\u00f3n de las posibilidades de que aprendan, que incorporen conocimiento e intelecto podremos tener mucho recurso natural, mejora en la calidad de vida que estamos logrando con el apoyo del estado provincial y nacional en materia de infraestructura, pero nos estar\u00e1 faltando ese sustento esencial para darle el camino del porvenir a nuestros j\u00f3venes&#8221;.<br \/>\n\u201cHoy, en esta vig\u00e9simo tercera edici\u00f3n, relanzamos Estaci\u00f3n Ciencia con muchos componentes nuevos, una feria renovada porque esa es la din\u00e1mica que tiene el conocimiento y que nos obliga a seguir innovando\u201d, se\u00f1al\u00f3 Elustondo en la apertura y agreg\u00f3 que \u201ceste es un trabajo que se realiza con el trabajo conjunto de la Naci\u00f3n, la Provincia y los Municipios, porque sin el apoyo de los actores locales ser\u00eda imposible llevarlo adelante\u201d. En ese mismo sentido asegur\u00f3 que \u201ccon esta muestra despertamos vocaciones cient\u00edficas y potenciamos los talentos de miles de j\u00f3venes en todo el territorio bonaerense, prepar\u00e1ndolos para los trabajos del futuro\u201d.<\/p>\n<p>Por su parte, Salvador destac\u00f3 el valor de la propuesta y remarc\u00f3 que \u201cninguno de nosotros ignora que la educaci\u00f3n es una de las principales herramientas para la igualaci\u00f3n social y por eso existe Estaci\u00f3n Ciencia y se comenzar\u00e1 a estudiar rob\u00f3tica en las escuelas, como anunci\u00f3 la gobernadora Mar\u00eda Eugenia Vidal d\u00edas atr\u00e1s, por ejemplo; porque queremos una Provincia donde todos tengan las mismas posibilidades\u201d. El intendente Hirtz, en tanto, agradeci\u00f3 el acompa\u00f1amiento de las autoridades provinciales y concluy\u00f3 que \u201cestamos muy contentos que el recorrido de la feria en este 2018 sea en Adolfo Alsina, fundamentalmente porque queremos remarcar la importancia que tienen la ciencia y la tecnolog\u00eda para el futuro de nuestros chicos y j\u00f3venes y generar m\u00e1s oportunidades para todo ellos\u201d<\/p>\n","protected":false},"excerpt":{"rendered":"<div class=\"mh-excerpt\"><p>El Ministerio de Ciencia, Tecnolog\u00eda e Innovaci\u00f3n (MCTI) relanz\u00f3 este fin de semana en Carhu\u00e9Estaci\u00f3n Ciencia, la feria itinerante del conocimiento que recorre el territorio provincial acercando a chicos y grandes propuestas interactivas para aprender jugando. M\u00e1s de 4 mil bonaerenses disfrutaron de m\u00faltiples actividades libres y gratuitas. La feria, realizada entre el mi\u00e9rcoles y el s\u00e1bado \u00faltimos en la Casa de la Cultura, cont\u00f3 con la visita del vicegobernador bonaerense, Daniel Salvador; el titular de la cartera provincial de Ciencia, Jorge Elustondo; el intendente de Adolfo Alsina, David Hirtz; los legisladores provinciales Horacio L\u00f3pez, Anah\u00ed Bilbao y Emiliano Balb\u00edn <a class=\"mh-excerpt-more\" href=\"http:\/\/dsrmedios.com.ar\/diario\/archivos\/5123\" title=\"Semana Santa a pura Ciencia y Tecnolog\u00eda en nuestra ciudad\">[Leer m\u00e1s]<\/a><\/p>\n<\/div>","protected":false},"author":5,"featured_media":5124,"comment_status":"open","ping_status":"closed","sticky":false,"template":"","format":"standard","meta":{"_jetpack_newsletter_access":""},"categories":[18,5],"tags":[],"jetpack_featured_media_url":"http:\/\/dsrmedios.com.ar\/diario\/wp-content\/uploads\/2018\/04\/santaciencia.jpg","jetpack_sharing_enabled":true,"jetpack_shortlink":"https:\/\/wp.me\/p9fihK-1kD","_links":{"self":[{"href":"http:\/\/dsrmedios.com.ar\/diario\/wp-json\/wp\/v2\/posts\/5123"}],"collection":[{"href":"http:\/\/dsrmedios.com.ar\/diario\/wp-json\/wp\/v2\/posts"}],"about":[{"href":"http:\/\/dsrmedios.com.ar\/diario\/wp-json\/wp\/v2\/types\/post"}],"author":[{"embeddable":true,"href":"http:\/\/dsrmedios.com.ar\/diario\/wp-json\/wp\/v2\/users\/5"}],"replies":[{"embeddable":true,"href":"http:\/\/dsrmedios.com.ar\/diario\/wp-json\/wp\/v2\/comments?post=5123"}],"version-history":[{"count":1,"href":"http:\/\/dsrmedios.com.ar\/diario\/wp-json\/wp\/v2\/posts\/5123\/revisions"}],"predecessor-version":[{"id":5125,"href":"http:\/\/dsrmedios.com.ar\/diario\/wp-json\/wp\/v2\/posts\/5123\/revisions\/5125"}],"wp:featuredmedia":[{"embeddable":true,"href":"http:\/\/dsrmedios.com.ar\/diario\/wp-json\/wp\/v2\/media\/5124"}],"wp:attachment":[{"href":"http:\/\/dsrmedios.com.ar\/diario\/wp-json\/wp\/v2\/media?parent=5123"}],"wp:term":[{"taxonomy":"category","embeddable":true,"href":"http:\/\/dsrmedios.com.ar\/diario\/wp-json\/wp\/v2\/categories?post=5123"},{"taxonomy":"post_tag","embeddable":true,"href":"http:\/\/dsrmedios.com.ar\/diario\/wp-json\/wp\/v2\/tags?post=5123"}],"curies":[{"name":"wp","href":"https:\/\/api.w.org\/{rel}","templated":true}]}}