{"id":5118,"date":"2018-04-04T09:55:44","date_gmt":"2018-04-04T12:55:44","guid":{"rendered":"http:\/\/dsrmedios.com.ar\/diario\/?p=5118"},"modified":"2018-04-04T09:55:44","modified_gmt":"2018-04-04T12:55:44","slug":"el-provincia-continua-de-paro-hasta-el-jueves-por-reclamo-salarial-y-de-jubilacion","status":"publish","type":"post","link":"http:\/\/dsrmedios.com.ar\/diario\/archivos\/5118","title":{"rendered":"El Provincia contin\u00faa de paro hasta el jueves por reclamo salarial y de jubilaci\u00f3n"},"content":{"rendered":"<p>Los trabajadores del Banco Provincia realizan este martes y mi\u00e9rcoles un paro de actividades, por lo que la atenci\u00f3n al p\u00fablico volver\u00e1 reci\u00e9n el jueves.<\/p>\n<p>La Asociaci\u00f3n Bancaria anunci\u00f3 la medida de fuerza de 48 horas, que sumados al fin de semana largo dejar\u00e1n a la entidad sin atenci\u00f3n por una semana. Adem\u00e1s, esta semana podr\u00eda votarse un paro nacional para el viernes, por lo que la actividad se limitar\u00eda solo al jueves 5 de abril.<\/p>\n<p>La medida de fuerza se realiza en reclamo por las paritarias del sector y para exigir que la Corte provincial se expida para anular la Ley 15.008 que modifica la jubilaci\u00f3n de los empleados del Banco Provincia.<\/p>\n<p>La ley, que fue impulsada por el oficialismo y aprobada en la Legislatura, elev\u00f3 la edad jubilatoria de 57 a 65 a\u00f1os de edad. Adem\u00e1s, modific\u00f3 la tasa de sustituci\u00f3n, es decir el porcentaje del sueldo activo que percibe un jubilado al bajarlo del 82 al 70%, con lo que lo &#8220;iguala con el resto de los empleados bancarios&#8221; y derog\u00f3 el art\u00edculo 40, el cual establece que, ante el d\u00e9ficit previsional, quien debe responder es el Bapro, cuando antes se hac\u00eda cargo la Provincia. Tras una presentaci\u00f3n en la Corte, el m\u00e1ximo tribunal provincial deber\u00e1 definir la constitucionalidad de la norma.<\/p>\n<p>fuente:www.aninoticias.com<\/p>\n","protected":false},"excerpt":{"rendered":"<div class=\"mh-excerpt\"><p>Los trabajadores del Banco Provincia realizan este martes y mi\u00e9rcoles un paro de actividades, por lo que la atenci\u00f3n al p\u00fablico volver\u00e1 reci\u00e9n el jueves. La Asociaci\u00f3n Bancaria anunci\u00f3 la medida de fuerza de 48 horas, que sumados al fin de semana largo dejar\u00e1n a la entidad sin atenci\u00f3n por una semana. Adem\u00e1s, esta semana podr\u00eda votarse un paro nacional para el viernes, por lo que la actividad se limitar\u00eda solo al jueves 5 de abril. La medida de fuerza se realiza en reclamo por las paritarias del sector y para exigir que la Corte provincial se expida para anular <a class=\"mh-excerpt-more\" href=\"http:\/\/dsrmedios.com.ar\/diario\/archivos\/5118\" title=\"El Provincia contin\u00faa de paro hasta el jueves por reclamo salarial y de jubilaci\u00f3n\">[Leer m\u00e1s]<\/a><\/p>\n<\/div>","protected":false},"author":5,"featured_media":3594,"comment_status":"open","ping_status":"closed","sticky":false,"template":"","format":"standard","meta":{"_jetpack_newsletter_access":""},"categories":[18,7],"tags":[],"jetpack_featured_media_url":"http:\/\/dsrmedios.com.ar\/diario\/wp-content\/uploads\/2018\/01\/bapro.jpg","jetpack_sharing_enabled":true,"jetpack_shortlink":"https:\/\/wp.me\/p9fihK-1ky","_links":{"self":[{"href":"http:\/\/dsrmedios.com.ar\/diario\/wp-json\/wp\/v2\/posts\/5118"}],"collection":[{"href":"http:\/\/dsrmedios.com.ar\/diario\/wp-json\/wp\/v2\/posts"}],"about":[{"href":"http:\/\/dsrmedios.com.ar\/diario\/wp-json\/wp\/v2\/types\/post"}],"author":[{"embeddable":true,"href":"http:\/\/dsrmedios.com.ar\/diario\/wp-json\/wp\/v2\/users\/5"}],"replies":[{"embeddable":true,"href":"http:\/\/dsrmedios.com.ar\/diario\/wp-json\/wp\/v2\/comments?post=5118"}],"version-history":[{"count":1,"href":"http:\/\/dsrmedios.com.ar\/diario\/wp-json\/wp\/v2\/posts\/5118\/revisions"}],"predecessor-version":[{"id":5119,"href":"http:\/\/dsrmedios.com.ar\/diario\/wp-json\/wp\/v2\/posts\/5118\/revisions\/5119"}],"wp:featuredmedia":[{"embeddable":true,"href":"http:\/\/dsrmedios.com.ar\/diario\/wp-json\/wp\/v2\/media\/3594"}],"wp:attachment":[{"href":"http:\/\/dsrmedios.com.ar\/diario\/wp-json\/wp\/v2\/media?parent=5118"}],"wp:term":[{"taxonomy":"category","embeddable":true,"href":"http:\/\/dsrmedios.com.ar\/diario\/wp-json\/wp\/v2\/categories?post=5118"},{"taxonomy":"post_tag","embeddable":true,"href":"http:\/\/dsrmedios.com.ar\/diario\/wp-json\/wp\/v2\/tags?post=5118"}],"curies":[{"name":"wp","href":"https:\/\/api.w.org\/{rel}","templated":true}]}}