{"id":5116,"date":"2018-04-04T09:54:43","date_gmt":"2018-04-04T12:54:43","guid":{"rendered":"http:\/\/dsrmedios.com.ar\/diario\/?p=5116"},"modified":"2018-04-04T09:54:43","modified_gmt":"2018-04-04T12:54:43","slug":"presentaron-un-amparo-judicial-para-postergar-el-aumento-del-40-del-gas-natural","status":"publish","type":"post","link":"http:\/\/dsrmedios.com.ar\/diario\/archivos\/5116","title":{"rendered":"Presentaron un amparo judicial para postergar el aumento del 40% del Gas Natural"},"content":{"rendered":"<p>La asociaci\u00f3n civil Centro de Estudios para la Promoci\u00f3n de la Igualdad y la Solidaridad (Cepis) present\u00f3 ante la Justicia un amparo para postergar hasta mayo el fuerte aumento en la tarifa de gas que rige desde el 1\u00b0 de abril, un mes antes de lo que indica la normativa.<\/p>\n<p>Desde el Cepis solicitaron a la Justicia que frene \u201cel nuevo tarifazo de gas porque se trata de un aumento inconstitucional\u201d, y el amparo cay\u00f3\u00a0 en el Juzgado Federal N\u00ba 2 de La Plata a cargo del juez Adolfo Gabino Ziulu. \u201cInterpusimos un amparo contra el ministerio de Energ\u00eda y Miner\u00eda de la Naci\u00f3n y el Ente Nacional Regulador de la Energ\u00eda (ENRE) porque anticiparon un mes la aplicaci\u00f3n del aumento del 40 por ciento en la tarifa de gas natural por redes: la normativa vigente establece que el nuevo cuadro tarifario reci\u00e9n se puede aplicar a partir del 1\u00b0 de mayo de 2018. De modo tal que si se aplicara desde el 1\u00b0 de abril afectar\u00eda los derechos constitucionales de los ciudadanos\u201d, indic\u00f3 la entidad.<\/p>\n<p>La semana pasada, el ministro de Energ\u00eda, Juan Jos\u00e9 Aranguren, anunci\u00f3 que desde el 1\u00b0 de abril, las facturas de gas vendr\u00e1n con\u00a0un incremento promedio de 32%, aunque en las categor\u00edas m\u00e1s bajas, las subas llegar\u00e1n hasta el 40% (igual que para las Pymes).<\/p>\n<p>El titular del Cepis,\u00a0Mariano Lovelli, reclam\u00f3 en la presentaci\u00f3n ante la Justicia que \u201cse ordene al Enargas que proceda a aplicar los nuevos cuadros tarifarios a partir del mes de mayo del corriente a\u00f1o, hasta tanto se dicte sentencia de fondo en los presentes obrados\u201d. En declaraciones a\u00a0Radio 10, el abogado calific\u00f3 de \u201carbitraria\u201d la decisi\u00f3n de Aranguren de adelantar las subas y remarc\u00f3 que \u201cno hay motivo para que estos se\u00f1ores adelanten el saqueo al bolsillo de la gente\u201d.<\/p>\n<p>fuente:www.aninoticias.com<\/p>\n","protected":false},"excerpt":{"rendered":"<div class=\"mh-excerpt\"><p>La asociaci\u00f3n civil Centro de Estudios para la Promoci\u00f3n de la Igualdad y la Solidaridad (Cepis) present\u00f3 ante la Justicia un amparo para postergar hasta mayo el fuerte aumento en la tarifa de gas que rige desde el 1\u00b0 de abril, un mes antes de lo que indica la normativa. Desde el Cepis solicitaron a la Justicia que frene \u201cel nuevo tarifazo de gas porque se trata de un aumento inconstitucional\u201d, y el amparo cay\u00f3\u00a0 en el Juzgado Federal N\u00ba 2 de La Plata a cargo del juez Adolfo Gabino Ziulu. \u201cInterpusimos un amparo contra el ministerio de Energ\u00eda y <a class=\"mh-excerpt-more\" href=\"http:\/\/dsrmedios.com.ar\/diario\/archivos\/5116\" title=\"Presentaron un amparo judicial para postergar el aumento del 40% del Gas Natural\">[Leer m\u00e1s]<\/a><\/p>\n<\/div>","protected":false},"author":5,"featured_media":1883,"comment_status":"open","ping_status":"closed","sticky":false,"template":"","format":"standard","meta":{"_jetpack_newsletter_access":""},"categories":[18,7],"tags":[],"jetpack_featured_media_url":"http:\/\/dsrmedios.com.ar\/diario\/wp-content\/uploads\/2017\/10\/hornalla-gas.jpg","jetpack_sharing_enabled":true,"jetpack_shortlink":"https:\/\/wp.me\/p9fihK-1kw","_links":{"self":[{"href":"http:\/\/dsrmedios.com.ar\/diario\/wp-json\/wp\/v2\/posts\/5116"}],"collection":[{"href":"http:\/\/dsrmedios.com.ar\/diario\/wp-json\/wp\/v2\/posts"}],"about":[{"href":"http:\/\/dsrmedios.com.ar\/diario\/wp-json\/wp\/v2\/types\/post"}],"author":[{"embeddable":true,"href":"http:\/\/dsrmedios.com.ar\/diario\/wp-json\/wp\/v2\/users\/5"}],"replies":[{"embeddable":true,"href":"http:\/\/dsrmedios.com.ar\/diario\/wp-json\/wp\/v2\/comments?post=5116"}],"version-history":[{"count":1,"href":"http:\/\/dsrmedios.com.ar\/diario\/wp-json\/wp\/v2\/posts\/5116\/revisions"}],"predecessor-version":[{"id":5117,"href":"http:\/\/dsrmedios.com.ar\/diario\/wp-json\/wp\/v2\/posts\/5116\/revisions\/5117"}],"wp:featuredmedia":[{"embeddable":true,"href":"http:\/\/dsrmedios.com.ar\/diario\/wp-json\/wp\/v2\/media\/1883"}],"wp:attachment":[{"href":"http:\/\/dsrmedios.com.ar\/diario\/wp-json\/wp\/v2\/media?parent=5116"}],"wp:term":[{"taxonomy":"category","embeddable":true,"href":"http:\/\/dsrmedios.com.ar\/diario\/wp-json\/wp\/v2\/categories?post=5116"},{"taxonomy":"post_tag","embeddable":true,"href":"http:\/\/dsrmedios.com.ar\/diario\/wp-json\/wp\/v2\/tags?post=5116"}],"curies":[{"name":"wp","href":"https:\/\/api.w.org\/{rel}","templated":true}]}}