{"id":5103,"date":"2018-04-03T09:30:49","date_gmt":"2018-04-03T12:30:49","guid":{"rendered":"http:\/\/dsrmedios.com.ar\/diario\/?p=5103"},"modified":"2018-04-03T09:30:49","modified_gmt":"2018-04-03T12:30:49","slug":"entrevista-al-ministro-de-ciencia-tecnologia-e-innovacion-ing-jorge-elustondo","status":"publish","type":"post","link":"http:\/\/dsrmedios.com.ar\/diario\/archivos\/5103","title":{"rendered":"Entrevista al Ministro de Ciencia, Tecnolog\u00eda e innovaci\u00f3n Ing. Jorge Elustondo"},"content":{"rendered":"<p>El d\u00eda s\u00e1bado por la ma\u00f1ana entrevistamos en Radio Carhu\u00e9 99.5 al Ingeniero Agr\u00f3nomo Jorge Elustondo Ministro de Ciencia, Tecnolog\u00eda e Innovaci\u00f3n de la Provincia de Buenos Aires, quien nos habl\u00f3 de las proyecciones en marcha de su cartera para multiplicar el inter\u00e9s en la Ciencia y la Tecnolog\u00eda.<\/p>\n<!--[if lt IE 9]><script>document.createElement('audio');<\/script><![endif]-->\n<audio class=\"wp-audio-shortcode\" id=\"audio-5103-1\" preload=\"none\" style=\"width: 100%;\" controls=\"controls\"><source type=\"audio\/mpeg\" src=\"http:\/\/dsrmedios.com.ar\/diario\/wp-content\/uploads\/2018\/04\/elustondo1.mp3?_=1\" \/><a href=\"http:\/\/dsrmedios.com.ar\/diario\/wp-content\/uploads\/2018\/04\/elustondo1.mp3\">http:\/\/dsrmedios.com.ar\/diario\/wp-content\/uploads\/2018\/04\/elustondo1.mp3<\/a><\/audio>\n<p>El Ingeniero Elustondo acompa\u00f1\u00f3 en su visita al Vice Gobernador y juntos dejaron inaugurada la muestra de la Feria de Ciencias en nuestra ciudad.<\/p>\n<audio class=\"wp-audio-shortcode\" id=\"audio-5103-2\" preload=\"none\" style=\"width: 100%;\" controls=\"controls\"><source type=\"audio\/mpeg\" src=\"http:\/\/dsrmedios.com.ar\/diario\/wp-content\/uploads\/2018\/04\/elustondo-2.mp3?_=2\" \/><a href=\"http:\/\/dsrmedios.com.ar\/diario\/wp-content\/uploads\/2018\/04\/elustondo-2.mp3\">http:\/\/dsrmedios.com.ar\/diario\/wp-content\/uploads\/2018\/04\/elustondo-2.mp3<\/a><\/audio>\n","protected":false},"excerpt":{"rendered":"<div class=\"mh-excerpt\"><p>El d\u00eda s\u00e1bado por la ma\u00f1ana entrevistamos en Radio Carhu\u00e9 99.5 al Ingeniero Agr\u00f3nomo Jorge Elustondo Ministro de Ciencia, Tecnolog\u00eda e Innovaci\u00f3n de la Provincia de Buenos Aires, quien nos habl\u00f3 de las proyecciones en marcha de su cartera para multiplicar el inter\u00e9s en la Ciencia y la Tecnolog\u00eda. El Ingeniero Elustondo acompa\u00f1\u00f3 en su visita al Vice Gobernador y juntos dejaron inaugurada la muestra de la Feria de Ciencias en nuestra ciudad.<\/p>\n<\/div>","protected":false},"author":5,"featured_media":5104,"comment_status":"open","ping_status":"closed","sticky":false,"template":"","format":"standard","meta":{"_jetpack_newsletter_access":""},"categories":[1],"tags":[],"jetpack_featured_media_url":"http:\/\/dsrmedios.com.ar\/diario\/wp-content\/uploads\/2018\/04\/elustondo-jorge-ministro.jpg","jetpack_sharing_enabled":true,"jetpack_shortlink":"https:\/\/wp.me\/p9fihK-1kj","_links":{"self":[{"href":"http:\/\/dsrmedios.com.ar\/diario\/wp-json\/wp\/v2\/posts\/5103"}],"collection":[{"href":"http:\/\/dsrmedios.com.ar\/diario\/wp-json\/wp\/v2\/posts"}],"about":[{"href":"http:\/\/dsrmedios.com.ar\/diario\/wp-json\/wp\/v2\/types\/post"}],"author":[{"embeddable":true,"href":"http:\/\/dsrmedios.com.ar\/diario\/wp-json\/wp\/v2\/users\/5"}],"replies":[{"embeddable":true,"href":"http:\/\/dsrmedios.com.ar\/diario\/wp-json\/wp\/v2\/comments?post=5103"}],"version-history":[{"count":1,"href":"http:\/\/dsrmedios.com.ar\/diario\/wp-json\/wp\/v2\/posts\/5103\/revisions"}],"predecessor-version":[{"id":5112,"href":"http:\/\/dsrmedios.com.ar\/diario\/wp-json\/wp\/v2\/posts\/5103\/revisions\/5112"}],"wp:featuredmedia":[{"embeddable":true,"href":"http:\/\/dsrmedios.com.ar\/diario\/wp-json\/wp\/v2\/media\/5104"}],"wp:attachment":[{"href":"http:\/\/dsrmedios.com.ar\/diario\/wp-json\/wp\/v2\/media?parent=5103"}],"wp:term":[{"taxonomy":"category","embeddable":true,"href":"http:\/\/dsrmedios.com.ar\/diario\/wp-json\/wp\/v2\/categories?post=5103"},{"taxonomy":"post_tag","embeddable":true,"href":"http:\/\/dsrmedios.com.ar\/diario\/wp-json\/wp\/v2\/tags?post=5103"}],"curies":[{"name":"wp","href":"https:\/\/api.w.org\/{rel}","templated":true}]}}