{"id":5100,"date":"2018-04-03T08:54:25","date_gmt":"2018-04-03T11:54:25","guid":{"rendered":"http:\/\/dsrmedios.com.ar\/diario\/?p=5100"},"modified":"2018-04-03T08:54:25","modified_gmt":"2018-04-03T11:54:25","slug":"detalles-de-la-reunion-de-dirigentes-regionales-del-radicalismo-en-nuestra-ciudad","status":"publish","type":"post","link":"http:\/\/dsrmedios.com.ar\/diario\/archivos\/5100","title":{"rendered":"Detalles de la Reuni\u00f3n de dirigentes regionales del Radicalismo en nuestra ciudad"},"content":{"rendered":"<p>A Instancias de todos los Intendentes de la Sexta Secci\u00f3n electoral, de la provincia de Buenos Aires, Facundo Castelli de Pu\u00e1n, Jorge Hern\u00e1ndez de Salliquel\u00f3, David Hirtz de Adolfo Alsina, Guillermo Pacheco de Pellegrini, Ra\u00fal Reyes de Coronel Dorrego y Mart\u00edn Randazzo de General Lamadrid, y de los legisladores provinciales, Anah\u00ed Bilbao, Emiliano Balb\u00edn y Horacio L\u00f3pez.<\/p>\n<p>El radicalismo del interior profundo comenz\u00f3 el a\u00f1o tomando la iniciativa de consolidar dentro del espacio de Cambiemos el liderazgo del Dr Daniel Salvador y le solicit\u00f3 la renovaci\u00f3n de su mandato al frente del Partido en la provincia de Buenos Aires.<\/p>\n<p>Con la presencia de casi la totalidad de los distritos de la secci\u00f3n, dirigentes, funcionarios y concejales de toda la Regi\u00f3n unificaron discurso y acciones con el firme objetivo de volver a poner al radicalismo en la formula provincial para el 2019 y ratificar el equipo que est\u00e1 gobernando y transformando la Provincia junto a Mar\u00eda Eugenia Vidal.<\/p>\n<p>En l\u00ednea con el protagonismo reconocido generosamente por Daniel Salvador a la Juventud, el encuentro cont\u00f3 con la participaci\u00f3n de dirigentes que valoraron la transformaci\u00f3n en la transparencia del manejo de los datos partidarios.<\/p>\n<p>Compartimos y suscribimos el pensamiento de Daniel Salvador conscientes del momento hist\u00f3rico que el pa\u00eds enfrenta y lo complejo de comunicar algunas de sus medidas dif\u00edciles pero necesarias que se toman en los aspectos macros de la pol\u00edtica y la econom\u00eda.<\/p>\n<p>Nos corresponde, ahora, trabajar para cambiar la realidad, y consolidar con criterio la posici\u00f3n del radicalismo dentro de Cambiemos, ofreciendo, no s\u00f3lo nuestra historia sino tambi\u00e9n una probada capacidad de gesti\u00f3n.<\/p>\n","protected":false},"excerpt":{"rendered":"<div class=\"mh-excerpt\"><p>A Instancias de todos los Intendentes de la Sexta Secci\u00f3n electoral, de la provincia de Buenos Aires, Facundo Castelli de Pu\u00e1n, Jorge Hern\u00e1ndez de Salliquel\u00f3, David Hirtz de Adolfo Alsina, Guillermo Pacheco de Pellegrini, Ra\u00fal Reyes de Coronel Dorrego y Mart\u00edn Randazzo de General Lamadrid, y de los legisladores provinciales, Anah\u00ed Bilbao, Emiliano Balb\u00edn y Horacio L\u00f3pez. El radicalismo del interior profundo comenz\u00f3 el a\u00f1o tomando la iniciativa de consolidar dentro del espacio de Cambiemos el liderazgo del Dr Daniel Salvador y le solicit\u00f3 la renovaci\u00f3n de su mandato al frente del Partido en la provincia de Buenos Aires. Con <a class=\"mh-excerpt-more\" href=\"http:\/\/dsrmedios.com.ar\/diario\/archivos\/5100\" title=\"Detalles de la Reuni\u00f3n de dirigentes regionales del Radicalismo en nuestra ciudad\">[Leer m\u00e1s]<\/a><\/p>\n<\/div>","protected":false},"author":5,"featured_media":5101,"comment_status":"open","ping_status":"closed","sticky":false,"template":"","format":"standard","meta":{"_jetpack_newsletter_access":""},"categories":[18,8],"tags":[],"jetpack_featured_media_url":"http:\/\/dsrmedios.com.ar\/diario\/wp-content\/uploads\/2018\/04\/intendentes-y-otros.jpg","jetpack_sharing_enabled":true,"jetpack_shortlink":"https:\/\/wp.me\/p9fihK-1kg","_links":{"self":[{"href":"http:\/\/dsrmedios.com.ar\/diario\/wp-json\/wp\/v2\/posts\/5100"}],"collection":[{"href":"http:\/\/dsrmedios.com.ar\/diario\/wp-json\/wp\/v2\/posts"}],"about":[{"href":"http:\/\/dsrmedios.com.ar\/diario\/wp-json\/wp\/v2\/types\/post"}],"author":[{"embeddable":true,"href":"http:\/\/dsrmedios.com.ar\/diario\/wp-json\/wp\/v2\/users\/5"}],"replies":[{"embeddable":true,"href":"http:\/\/dsrmedios.com.ar\/diario\/wp-json\/wp\/v2\/comments?post=5100"}],"version-history":[{"count":1,"href":"http:\/\/dsrmedios.com.ar\/diario\/wp-json\/wp\/v2\/posts\/5100\/revisions"}],"predecessor-version":[{"id":5102,"href":"http:\/\/dsrmedios.com.ar\/diario\/wp-json\/wp\/v2\/posts\/5100\/revisions\/5102"}],"wp:featuredmedia":[{"embeddable":true,"href":"http:\/\/dsrmedios.com.ar\/diario\/wp-json\/wp\/v2\/media\/5101"}],"wp:attachment":[{"href":"http:\/\/dsrmedios.com.ar\/diario\/wp-json\/wp\/v2\/media?parent=5100"}],"wp:term":[{"taxonomy":"category","embeddable":true,"href":"http:\/\/dsrmedios.com.ar\/diario\/wp-json\/wp\/v2\/categories?post=5100"},{"taxonomy":"post_tag","embeddable":true,"href":"http:\/\/dsrmedios.com.ar\/diario\/wp-json\/wp\/v2\/tags?post=5100"}],"curies":[{"name":"wp","href":"https:\/\/api.w.org\/{rel}","templated":true}]}}