{"id":5095,"date":"2018-04-03T08:46:32","date_gmt":"2018-04-03T11:46:32","guid":{"rendered":"http:\/\/dsrmedios.com.ar\/diario\/?p=5095"},"modified":"2018-04-03T08:46:32","modified_gmt":"2018-04-03T11:46:32","slug":"en-rivera-con-un-emotivo-acto-se-inauguro-el-monumento-a-los-heroes-de-malvinas","status":"publish","type":"post","link":"http:\/\/dsrmedios.com.ar\/diario\/archivos\/5095","title":{"rendered":"En Rivera con un emotivo acto se inaugur\u00f3 el Monumento a los H\u00e9roes de Malvinas"},"content":{"rendered":"<p>En un acto que cont\u00f3 con la presencia del Intendente Municipal David Hirtz y el Ministro de Ciencia y Tecnolog\u00eda de la Provincia Jorge Elustondo, se record\u00f3 la Gesta de Malvinas con la inauguraci\u00f3n de un Monumento que homenajea a los H\u00e9roes que dieron su vida y esfuerzo por la recuperaci\u00f3n del archipielago Argentino.<\/p>\n<p>Formaron parte los Veteranos de Guerra locales y las diversas instituciones de la vecina localidad de Rivera que cumple as\u00ed con un anhelo de larga data como era el de levantar este monumento que perpet\u00fae esta gesta.<\/p>\n<p>Fotograf\u00edas Taller de Arte Rivera<\/p>\n<p><a href=\"http:\/\/dsrmedios.com.ar\/diario\/wp-content\/uploads\/2018\/04\/mal2.jpg\"><img decoding=\"async\" loading=\"lazy\" class=\"aligncenter size-full wp-image-5097\" src=\"http:\/\/dsrmedios.com.ar\/diario\/wp-content\/uploads\/2018\/04\/mal2.jpg\" alt=\"\" width=\"1944\" height=\"1296\" srcset=\"http:\/\/dsrmedios.com.ar\/diario\/wp-content\/uploads\/2018\/04\/mal2.jpg 1944w, http:\/\/dsrmedios.com.ar\/diario\/wp-content\/uploads\/2018\/04\/mal2-300x200.jpg 300w, http:\/\/dsrmedios.com.ar\/diario\/wp-content\/uploads\/2018\/04\/mal2-768x512.jpg 768w, http:\/\/dsrmedios.com.ar\/diario\/wp-content\/uploads\/2018\/04\/mal2-1024x683.jpg 1024w\" sizes=\"(max-width: 1944px) 100vw, 1944px\" \/><\/a> <a href=\"http:\/\/dsrmedios.com.ar\/diario\/wp-content\/uploads\/2018\/04\/mal3.jpg\"><img decoding=\"async\" loading=\"lazy\" class=\"aligncenter size-full wp-image-5098\" src=\"http:\/\/dsrmedios.com.ar\/diario\/wp-content\/uploads\/2018\/04\/mal3.jpg\" alt=\"\" width=\"1944\" height=\"1296\" srcset=\"http:\/\/dsrmedios.com.ar\/diario\/wp-content\/uploads\/2018\/04\/mal3.jpg 1944w, http:\/\/dsrmedios.com.ar\/diario\/wp-content\/uploads\/2018\/04\/mal3-300x200.jpg 300w, http:\/\/dsrmedios.com.ar\/diario\/wp-content\/uploads\/2018\/04\/mal3-768x512.jpg 768w, http:\/\/dsrmedios.com.ar\/diario\/wp-content\/uploads\/2018\/04\/mal3-1024x683.jpg 1024w\" sizes=\"(max-width: 1944px) 100vw, 1944px\" \/><\/a><\/p>\n","protected":false},"excerpt":{"rendered":"<div class=\"mh-excerpt\"><p>En un acto que cont\u00f3 con la presencia del Intendente Municipal David Hirtz y el Ministro de Ciencia y Tecnolog\u00eda de la Provincia Jorge Elustondo, se record\u00f3 la Gesta de Malvinas con la inauguraci\u00f3n de un Monumento que homenajea a los H\u00e9roes que dieron su vida y esfuerzo por la recuperaci\u00f3n del archipielago Argentino. Formaron parte los Veteranos de Guerra locales y las diversas instituciones de la vecina localidad de Rivera que cumple as\u00ed con un anhelo de larga data como era el de levantar este monumento que perpet\u00fae esta gesta. Fotograf\u00edas Taller de Arte Rivera<\/p>\n<\/div>","protected":false},"author":5,"featured_media":5096,"comment_status":"open","ping_status":"closed","sticky":false,"template":"","format":"standard","meta":{"_jetpack_newsletter_access":""},"categories":[18,5,8],"tags":[],"jetpack_featured_media_url":"http:\/\/dsrmedios.com.ar\/diario\/wp-content\/uploads\/2018\/04\/mal1.jpg","jetpack_sharing_enabled":true,"jetpack_shortlink":"https:\/\/wp.me\/p9fihK-1kb","_links":{"self":[{"href":"http:\/\/dsrmedios.com.ar\/diario\/wp-json\/wp\/v2\/posts\/5095"}],"collection":[{"href":"http:\/\/dsrmedios.com.ar\/diario\/wp-json\/wp\/v2\/posts"}],"about":[{"href":"http:\/\/dsrmedios.com.ar\/diario\/wp-json\/wp\/v2\/types\/post"}],"author":[{"embeddable":true,"href":"http:\/\/dsrmedios.com.ar\/diario\/wp-json\/wp\/v2\/users\/5"}],"replies":[{"embeddable":true,"href":"http:\/\/dsrmedios.com.ar\/diario\/wp-json\/wp\/v2\/comments?post=5095"}],"version-history":[{"count":1,"href":"http:\/\/dsrmedios.com.ar\/diario\/wp-json\/wp\/v2\/posts\/5095\/revisions"}],"predecessor-version":[{"id":5099,"href":"http:\/\/dsrmedios.com.ar\/diario\/wp-json\/wp\/v2\/posts\/5095\/revisions\/5099"}],"wp:featuredmedia":[{"embeddable":true,"href":"http:\/\/dsrmedios.com.ar\/diario\/wp-json\/wp\/v2\/media\/5096"}],"wp:attachment":[{"href":"http:\/\/dsrmedios.com.ar\/diario\/wp-json\/wp\/v2\/media?parent=5095"}],"wp:term":[{"taxonomy":"category","embeddable":true,"href":"http:\/\/dsrmedios.com.ar\/diario\/wp-json\/wp\/v2\/categories?post=5095"},{"taxonomy":"post_tag","embeddable":true,"href":"http:\/\/dsrmedios.com.ar\/diario\/wp-json\/wp\/v2\/tags?post=5095"}],"curies":[{"name":"wp","href":"https:\/\/api.w.org\/{rel}","templated":true}]}}