{"id":5069,"date":"2018-03-29T08:20:37","date_gmt":"2018-03-29T11:20:37","guid":{"rendered":"http:\/\/dsrmedios.com.ar\/diario\/?p=5069"},"modified":"2018-03-29T09:57:12","modified_gmt":"2018-03-29T12:57:12","slug":"a-las-15-horas-arribaran-el-vicegobernador-y-el-ministro-de-ciencia-y-tecnologia","status":"publish","type":"post","link":"http:\/\/dsrmedios.com.ar\/diario\/archivos\/5069","title":{"rendered":"En horas de la ma\u00f1ana arribar\u00e1n el Vicegobernador y el Ministro de Ciencia y tecnolog\u00eda"},"content":{"rendered":"<p>El jueves las 15hs se inaugurar\u00e1 en Carhu\u00e9 la edici\u00f3n 2018 de \u201cEstaci\u00f3n Ciencia. Feria Itinerante del Conocimiento\u201d con la participaci\u00f3n de Daniel Salvador , Vicegobernador de la Provincia y Jorge Elustondo, Ministro de Ciencia, Tecnolog\u00eda e Innovaci\u00f3n.<br \/>\nSer\u00e1 en la Casa de la Cultura cuando Estaci\u00f3n Ciencia abra sus puertas a todo p\u00fablico. Ser\u00e1 la primera edici\u00f3n del a\u00f1o de esta Feria que comienza su recorrido por toda la provincia en Carhu\u00e9 .<br \/>\nEstaci\u00f3n Ciencia se podr\u00e1 visitar jueves, viernes y s\u00e1bado de 15 a 19hs de manera gratuita.<\/p>\n<p>La agenda del Vicegobernador<\/p>\n<p>El Vicegobernador arribar\u00e1 a la localidad en horas de la ma\u00f1ana y participar\u00e1 de una reuni\u00f3n con Intendentes, legisladores y Autoridades Pol\u00edticas de la sexta secci\u00f3n. Por la tarde, luego de la inauguraci\u00f3n de Estaci\u00f3n Ciencia, se reunir\u00e1 con los cient\u00edficos de la Universidad de Buenos Aires, la Universidad Austral, la Universidad Ram\u00f3n Llull de Barcelona y el MIT de Massachusetts que desarrollan el proyecto Darwin- Lamarck en busca de recursos naturales del Lago Epecu\u00e9n para la producci\u00f3n de medicamentos.<\/p>\n","protected":false},"excerpt":{"rendered":"<div class=\"mh-excerpt\"><p>El jueves las 15hs se inaugurar\u00e1 en Carhu\u00e9 la edici\u00f3n 2018 de \u201cEstaci\u00f3n Ciencia. Feria Itinerante del Conocimiento\u201d con la participaci\u00f3n de Daniel Salvador , Vicegobernador de la Provincia y Jorge Elustondo, Ministro de Ciencia, Tecnolog\u00eda e Innovaci\u00f3n. Ser\u00e1 en la Casa de la Cultura cuando Estaci\u00f3n Ciencia abra sus puertas a todo p\u00fablico. Ser\u00e1 la primera edici\u00f3n del a\u00f1o de esta Feria que comienza su recorrido por toda la provincia en Carhu\u00e9 . Estaci\u00f3n Ciencia se podr\u00e1 visitar jueves, viernes y s\u00e1bado de 15 a 19hs de manera gratuita. La agenda del Vicegobernador El Vicegobernador arribar\u00e1 a la localidad <a class=\"mh-excerpt-more\" href=\"http:\/\/dsrmedios.com.ar\/diario\/archivos\/5069\" title=\"En horas de la ma\u00f1ana arribar\u00e1n el Vicegobernador y el Ministro de Ciencia y tecnolog\u00eda\">[Leer m\u00e1s]<\/a><\/p>\n<\/div>","protected":false},"author":5,"featured_media":5030,"comment_status":"open","ping_status":"closed","sticky":false,"template":"","format":"standard","meta":{"_jetpack_newsletter_access":""},"categories":[18,7],"tags":[],"jetpack_featured_media_url":"http:\/\/dsrmedios.com.ar\/diario\/wp-content\/uploads\/2018\/03\/salvador-800x416.jpg","jetpack_sharing_enabled":true,"jetpack_shortlink":"https:\/\/wp.me\/p9fihK-1jL","_links":{"self":[{"href":"http:\/\/dsrmedios.com.ar\/diario\/wp-json\/wp\/v2\/posts\/5069"}],"collection":[{"href":"http:\/\/dsrmedios.com.ar\/diario\/wp-json\/wp\/v2\/posts"}],"about":[{"href":"http:\/\/dsrmedios.com.ar\/diario\/wp-json\/wp\/v2\/types\/post"}],"author":[{"embeddable":true,"href":"http:\/\/dsrmedios.com.ar\/diario\/wp-json\/wp\/v2\/users\/5"}],"replies":[{"embeddable":true,"href":"http:\/\/dsrmedios.com.ar\/diario\/wp-json\/wp\/v2\/comments?post=5069"}],"version-history":[{"count":3,"href":"http:\/\/dsrmedios.com.ar\/diario\/wp-json\/wp\/v2\/posts\/5069\/revisions"}],"predecessor-version":[{"id":5072,"href":"http:\/\/dsrmedios.com.ar\/diario\/wp-json\/wp\/v2\/posts\/5069\/revisions\/5072"}],"wp:featuredmedia":[{"embeddable":true,"href":"http:\/\/dsrmedios.com.ar\/diario\/wp-json\/wp\/v2\/media\/5030"}],"wp:attachment":[{"href":"http:\/\/dsrmedios.com.ar\/diario\/wp-json\/wp\/v2\/media?parent=5069"}],"wp:term":[{"taxonomy":"category","embeddable":true,"href":"http:\/\/dsrmedios.com.ar\/diario\/wp-json\/wp\/v2\/categories?post=5069"},{"taxonomy":"post_tag","embeddable":true,"href":"http:\/\/dsrmedios.com.ar\/diario\/wp-json\/wp\/v2\/tags?post=5069"}],"curies":[{"name":"wp","href":"https:\/\/api.w.org\/{rel}","templated":true}]}}