{"id":5061,"date":"2018-03-29T08:04:11","date_gmt":"2018-03-29T11:04:11","guid":{"rendered":"http:\/\/dsrmedios.com.ar\/diario\/?p=5061"},"modified":"2018-03-29T08:04:11","modified_gmt":"2018-03-29T11:04:11","slug":"desde-la-carpa-blanca-los-gremios-docentes-anunciaron-un-paro-y-movilizacion-para-el-dia-5-de-abril","status":"publish","type":"post","link":"http:\/\/dsrmedios.com.ar\/diario\/archivos\/5061","title":{"rendered":"Desde la Carpa Blanca los Gremios Docentes anunciaron un paro y movilizaci\u00f3n para el d\u00eda 5 de abril"},"content":{"rendered":"<p>En el marco de la instalaci\u00f3n de una carpa montada frente a la Legislatura provincial los trabajadores estatales anunciaron un paro y movilizaci\u00f3n para el jueves 5 de abril. De este modo, los docentes coincidir\u00e1n con estatales, judiciales y m\u00e9dicos, en &#8220;un gran paro y movilizaci\u00f3n porque no estamos registrando avances&#8221; por parte del gobierno, anunci\u00f3 el titular de la Asociaci\u00f3n Judicial Bonaerense, Pablo Abramovich.<\/p>\n<p>Con la negociaci\u00f3n salarial estancada, el FUD -que componen Suteba, FEB, Udocba y Amet- convocar\u00e1 a un cese de actividades de 24 horas, que contar\u00e1 con una movilizaci\u00f3n por La Plata, para el jueves de la semana que viene, medida de la que tambi\u00e9n ser\u00e1n parte los estatales de ATE, los m\u00e9dicos de Cicop y los judiciales de AJB.<\/p>\n<p>En tanto, en la plaza San Mart\u00edn de La Plata se mont\u00f3 la &#8220;Carpa de Trabajadores en unidad contra el ajuste&#8221;, frente a la Legislatura bonaerense, donde rechazaron &#8220;el techo salarial del 15 por ciento&#8221;.<\/p>\n<p>Adem\u00e1s de ese reclamo, los sindicatos reclaman por m\u00e1s inversi\u00f3n en salud y en educaci\u00f3n, &#8220;el fin de los despidos&#8221;, el pase a planta permanente de trabajadores y &#8220;el cese del vaciamiento del IOMA y del IPS&#8221;, entre otros.<\/p>\n<p>fuente:www.aninoticias.com<\/p>\n","protected":false},"excerpt":{"rendered":"<div class=\"mh-excerpt\"><p>En el marco de la instalaci\u00f3n de una carpa montada frente a la Legislatura provincial los trabajadores estatales anunciaron un paro y movilizaci\u00f3n para el jueves 5 de abril. De este modo, los docentes coincidir\u00e1n con estatales, judiciales y m\u00e9dicos, en &#8220;un gran paro y movilizaci\u00f3n porque no estamos registrando avances&#8221; por parte del gobierno, anunci\u00f3 el titular de la Asociaci\u00f3n Judicial Bonaerense, Pablo Abramovich. Con la negociaci\u00f3n salarial estancada, el FUD -que componen Suteba, FEB, Udocba y Amet- convocar\u00e1 a un cese de actividades de 24 horas, que contar\u00e1 con una movilizaci\u00f3n por La Plata, para el jueves de <a class=\"mh-excerpt-more\" href=\"http:\/\/dsrmedios.com.ar\/diario\/archivos\/5061\" title=\"Desde la Carpa Blanca los Gremios Docentes anunciaron un paro y movilizaci\u00f3n para el d\u00eda 5 de abril\">[Leer m\u00e1s]<\/a><\/p>\n<\/div>","protected":false},"author":5,"featured_media":5062,"comment_status":"open","ping_status":"closed","sticky":false,"template":"","format":"standard","meta":{"_jetpack_newsletter_access":""},"categories":[18,7],"tags":[],"jetpack_featured_media_url":"http:\/\/dsrmedios.com.ar\/diario\/wp-content\/uploads\/2018\/03\/marcha-docentes-provincia-1.jpg","jetpack_sharing_enabled":true,"jetpack_shortlink":"https:\/\/wp.me\/p9fihK-1jD","_links":{"self":[{"href":"http:\/\/dsrmedios.com.ar\/diario\/wp-json\/wp\/v2\/posts\/5061"}],"collection":[{"href":"http:\/\/dsrmedios.com.ar\/diario\/wp-json\/wp\/v2\/posts"}],"about":[{"href":"http:\/\/dsrmedios.com.ar\/diario\/wp-json\/wp\/v2\/types\/post"}],"author":[{"embeddable":true,"href":"http:\/\/dsrmedios.com.ar\/diario\/wp-json\/wp\/v2\/users\/5"}],"replies":[{"embeddable":true,"href":"http:\/\/dsrmedios.com.ar\/diario\/wp-json\/wp\/v2\/comments?post=5061"}],"version-history":[{"count":1,"href":"http:\/\/dsrmedios.com.ar\/diario\/wp-json\/wp\/v2\/posts\/5061\/revisions"}],"predecessor-version":[{"id":5063,"href":"http:\/\/dsrmedios.com.ar\/diario\/wp-json\/wp\/v2\/posts\/5061\/revisions\/5063"}],"wp:featuredmedia":[{"embeddable":true,"href":"http:\/\/dsrmedios.com.ar\/diario\/wp-json\/wp\/v2\/media\/5062"}],"wp:attachment":[{"href":"http:\/\/dsrmedios.com.ar\/diario\/wp-json\/wp\/v2\/media?parent=5061"}],"wp:term":[{"taxonomy":"category","embeddable":true,"href":"http:\/\/dsrmedios.com.ar\/diario\/wp-json\/wp\/v2\/categories?post=5061"},{"taxonomy":"post_tag","embeddable":true,"href":"http:\/\/dsrmedios.com.ar\/diario\/wp-json\/wp\/v2\/tags?post=5061"}],"curies":[{"name":"wp","href":"https:\/\/api.w.org\/{rel}","templated":true}]}}