{"id":5056,"date":"2018-03-29T07:58:50","date_gmt":"2018-03-29T10:58:50","guid":{"rendered":"http:\/\/dsrmedios.com.ar\/diario\/?p=5056"},"modified":"2018-03-29T07:58:50","modified_gmt":"2018-03-29T10:58:50","slug":"maria-eugenia-vidal-se-acerco-a-las-entidades-rurales-con-ayuda-para-salir-del-trance-de-la-sequia","status":"publish","type":"post","link":"http:\/\/dsrmedios.com.ar\/diario\/archivos\/5056","title":{"rendered":"Mar\u00eda Eugenia Vidal se acerc\u00f3 a las entidades rurales con ayuda para salir del trance de la sequ\u00eda"},"content":{"rendered":"<p>\u201cEl Banco Provincia va a ampliar los fondos destinados a la l\u00ednea de emergencia con cr\u00e9ditos a cuatro a\u00f1os a una tasa del 12%, mucho menor a la del mercado. Y con la ayuda del Gobierno nacional vamos a poder bajar al 9%. Este cr\u00e9dito tiene dos a\u00f1os de gracia para empezar a pagarse: el productor va a poder esperar dos a\u00f1os y recuperarse de la cosecha que perdi\u00f3&#8221;.<\/p>\n<p>La gobernadora de la provincia de Buenos Aires, Mar\u00eda Eugenia Vidal, sali\u00f3 a dar respuesta a los reclamos de los productores rurales, quienes hace unos meses sufr\u00edan por las inundaciones y, hoy, padecen por la sequ\u00eda.<\/p>\n<p>\u201cQueremos que el campo crezca. Por eso decimos con el presidente (por Mauricio Macri): `No los vamos a dejar solos; los vamos a acompa\u00f1ar en las buenas y en las malas\u201d, agreg\u00f3 tras una visita a la ciudad de Bragado, donde \u2014adem\u00e1s\u2014 aludi\u00f3 a las obras hidr\u00e1ulicas que se est\u00e1n realizando.<\/p>\n<p>&nbsp;<\/p>\n<p>Vidal anunci\u00f3, asimismo, mejoras de los caminos rurales para facilitar el tr\u00e1nsito de cosechas y de animales.<\/p>\n<p>&#8220;Hemos sufrido las inundaciones en muchos lugares y hoy puedo decir que las principales obras hidr\u00e1ulicas est\u00e1n en marcha; est\u00e1n avanzando&#8221;, sostuvo.<\/p>\n<p>La mandataria estuvo en Bragado junto con los ministros de Econom\u00eda, Hern\u00e1n Lacunza; de Agroindustria, Leonardo Sarqu\u00eds; de Infraestructura, Roberto Gigante; el<\/p>\n<p>Antes del anuncio, Vidal \u2014y sus funcionarios\u2014 se reunieron con los miembros de la Mesa Agropecuaria provincial. Participaron Mat\u00edas de Velazco y Carlos Sere, presidente y vice de la Confederaci\u00f3n de Asociaciones Rurales de Buenos Aires y La Pampa; An\u00edbal Chiramberro y Claudio Angeleri, de Federaci\u00f3n Agraria Argentina; Walter Malfatto y Santos Zuberbuhler, de Sociedad Rural Argentina y Daniel Berdini, de Coninagro.<\/p>\n<p>fuente:www.lanueva.com<\/p>\n","protected":false},"excerpt":{"rendered":"<div class=\"mh-excerpt\"><p>\u201cEl Banco Provincia va a ampliar los fondos destinados a la l\u00ednea de emergencia con cr\u00e9ditos a cuatro a\u00f1os a una tasa del 12%, mucho menor a la del mercado. Y con la ayuda del Gobierno nacional vamos a poder bajar al 9%. Este cr\u00e9dito tiene dos a\u00f1os de gracia para empezar a pagarse: el productor va a poder esperar dos a\u00f1os y recuperarse de la cosecha que perdi\u00f3&#8221;. La gobernadora de la provincia de Buenos Aires, Mar\u00eda Eugenia Vidal, sali\u00f3 a dar respuesta a los reclamos de los productores rurales, quienes hace unos meses sufr\u00edan por las inundaciones y, <a class=\"mh-excerpt-more\" href=\"http:\/\/dsrmedios.com.ar\/diario\/archivos\/5056\" title=\"Mar\u00eda Eugenia Vidal se acerc\u00f3 a las entidades rurales con ayuda para salir del trance de la sequ\u00eda\">[Leer m\u00e1s]<\/a><\/p>\n<\/div>","protected":false},"author":5,"featured_media":5057,"comment_status":"open","ping_status":"closed","sticky":false,"template":"","format":"standard","meta":{"_jetpack_newsletter_access":""},"categories":[18,7],"tags":[],"jetpack_featured_media_url":"http:\/\/dsrmedios.com.ar\/diario\/wp-content\/uploads\/2018\/03\/vidalcampo.jpg","jetpack_sharing_enabled":true,"jetpack_shortlink":"https:\/\/wp.me\/p9fihK-1jy","_links":{"self":[{"href":"http:\/\/dsrmedios.com.ar\/diario\/wp-json\/wp\/v2\/posts\/5056"}],"collection":[{"href":"http:\/\/dsrmedios.com.ar\/diario\/wp-json\/wp\/v2\/posts"}],"about":[{"href":"http:\/\/dsrmedios.com.ar\/diario\/wp-json\/wp\/v2\/types\/post"}],"author":[{"embeddable":true,"href":"http:\/\/dsrmedios.com.ar\/diario\/wp-json\/wp\/v2\/users\/5"}],"replies":[{"embeddable":true,"href":"http:\/\/dsrmedios.com.ar\/diario\/wp-json\/wp\/v2\/comments?post=5056"}],"version-history":[{"count":1,"href":"http:\/\/dsrmedios.com.ar\/diario\/wp-json\/wp\/v2\/posts\/5056\/revisions"}],"predecessor-version":[{"id":5058,"href":"http:\/\/dsrmedios.com.ar\/diario\/wp-json\/wp\/v2\/posts\/5056\/revisions\/5058"}],"wp:featuredmedia":[{"embeddable":true,"href":"http:\/\/dsrmedios.com.ar\/diario\/wp-json\/wp\/v2\/media\/5057"}],"wp:attachment":[{"href":"http:\/\/dsrmedios.com.ar\/diario\/wp-json\/wp\/v2\/media?parent=5056"}],"wp:term":[{"taxonomy":"category","embeddable":true,"href":"http:\/\/dsrmedios.com.ar\/diario\/wp-json\/wp\/v2\/categories?post=5056"},{"taxonomy":"post_tag","embeddable":true,"href":"http:\/\/dsrmedios.com.ar\/diario\/wp-json\/wp\/v2\/tags?post=5056"}],"curies":[{"name":"wp","href":"https:\/\/api.w.org\/{rel}","templated":true}]}}