{"id":5045,"date":"2018-03-28T08:16:18","date_gmt":"2018-03-28T11:16:18","guid":{"rendered":"http:\/\/dsrmedios.com.ar\/diario\/?p=5045"},"modified":"2018-03-28T08:16:18","modified_gmt":"2018-03-28T11:16:18","slug":"la-policia-comunal-informo-de-un-accidente-ocurrido-el-fin-de-semana-en-acceso-a-nuestra-ciudad","status":"publish","type":"post","link":"http:\/\/dsrmedios.com.ar\/diario\/archivos\/5045","title":{"rendered":"La Polic\u00eda comunal inform\u00f3 de un accidente ocurrido el fin de semana en acceso a nuestra ciudad"},"content":{"rendered":"<p>El S\u00e1bado 24 de Marzo de 2.018, siendo las 20:00 horas aproximadamente, se recibi\u00f3 un llamado telef\u00f3nico en la Estaci\u00f3n de Polic\u00eda Comunal Carhu\u00e9 en donde una persona inform\u00f3 que hab\u00eda ocurrido un accidente de tr\u00e1nsito sobre el Acceso a Ruta Nacional n\u00b0 33 entre Carhu\u00e9 y Espartillar.<br \/>\nA ra\u00edz de esta novedad, los efectivos policiales juntamente con personal del Hospital Municipal Carhu\u00e9 y del Cuerpo Activo de Bomberos Voluntarios tambi\u00e9n de esta ciudad se constituyeron en inmediato en dicho sector, situado a unos veinticinco kil\u00f3metros de la planta urbana de Carhu\u00e9, en inmediaciones al cruce de Ruta Nacional n\u00b0 33 y Acceso a Espartillar, en donde constataron que por causas que se investigan, se produjo la colisi\u00f3n entre un autom\u00f3vil marca Chevrolet, modelo Astra, dominio EDE734, color bord\u00f3, a\u00f1o 2003, conducido por un ciudadano (64 a\u00f1os) que iba acompa\u00f1ado por su esposa (53 a\u00f1os), sus dos hijos (16 y 14 a\u00f1os) y una restante joven (18 a\u00f1os), quienes se movilizaban en direcci\u00f3n Carhu\u00e9-Espartillar y un autom\u00f3vil marca Chevrolet, modelo Corsa, dominio ERG737, color rojo, a\u00f1o 2005, conducido por un ciudadano (78 a\u00f1os) el cual iba acompa\u00f1ado de su esposa (70 a\u00f1os) y una restante se\u00f1ora (71 a\u00f1os), quienes transitaban en sentido contrario al otro veh\u00edculo.<br \/>\nSe informa que los ocupantes del primer rodado resultan ser oriundos de Espartillar, mientras que el matrimonio que iba en el restante autom\u00f3vil resulta ser oriundo de esta ciudad y la se\u00f1ora que los acompa\u00f1aba se domicilia en Avellaneda, Provincia de Buenos Aires.<br \/>\nTodas estas personas involucradas en el siniestro fueron trasladadas hacia el Hospital Municipal de Carhu\u00e9 en donde recibieron la atenci\u00f3n respectiva, dictaminando posteriormente el Perito M\u00e9dico interviniente que contaban con lesiones de car\u00e1cter graves las dos personas oriundas de Carhu\u00e9 por presentar fracturas, en tanto que todas las restantes ten\u00edan lesiones de car\u00e1cter leves.<br \/>\nSe informa adem\u00e1s que en el lugar del accidente se practicaron las pericias espec\u00edficas por parte del personal de la Secci\u00f3n Pericial Descentralizada de Adolfo Alsina y que tambi\u00e9n se present\u00f3 en el sector el Sr. Ayudante de Fiscal de Adolfo Alsina.<br \/>\nLos dos veh\u00edculos involucrados fueron incautados por el personal de la Dependencia actuante, quedando en Dep\u00f3sito Judicial con la finalidad de efectuar las pericias t\u00e9cnicas mec\u00e1nicas correspondientes.<br \/>\nEn la Estaci\u00f3n de Polic\u00eda local se instruyeron Actuaciones Prevencionales caratuladas \u201cLESIONES CULPOSAS\u201d, bajo la intervenci\u00f3n a la Unidad Funcional de Instrucci\u00f3n n\u00b0 3 del Departamento Judicial de Trenque Lauquen a cargo del Sr. Agente Fiscal Dr. JUAN MARTIN GARRIZ.<\/p>\n<p><a href=\"http:\/\/dsrmedios.com.ar\/diario\/wp-content\/uploads\/2018\/03\/choque1.jpg\"><img decoding=\"async\" loading=\"lazy\" class=\"aligncenter size-full wp-image-5047\" src=\"http:\/\/dsrmedios.com.ar\/diario\/wp-content\/uploads\/2018\/03\/choque1.jpg\" alt=\"\" width=\"1040\" height=\"585\" srcset=\"http:\/\/dsrmedios.com.ar\/diario\/wp-content\/uploads\/2018\/03\/choque1.jpg 1040w, http:\/\/dsrmedios.com.ar\/diario\/wp-content\/uploads\/2018\/03\/choque1-300x169.jpg 300w, http:\/\/dsrmedios.com.ar\/diario\/wp-content\/uploads\/2018\/03\/choque1-768x432.jpg 768w, http:\/\/dsrmedios.com.ar\/diario\/wp-content\/uploads\/2018\/03\/choque1-1024x576.jpg 1024w, http:\/\/dsrmedios.com.ar\/diario\/wp-content\/uploads\/2018\/03\/choque1-678x381.jpg 678w\" sizes=\"(max-width: 1040px) 100vw, 1040px\" \/><\/a><\/p>\n","protected":false},"excerpt":{"rendered":"<div class=\"mh-excerpt\"><p>El S\u00e1bado 24 de Marzo de 2.018, siendo las 20:00 horas aproximadamente, se recibi\u00f3 un llamado telef\u00f3nico en la Estaci\u00f3n de Polic\u00eda Comunal Carhu\u00e9 en donde una persona inform\u00f3 que hab\u00eda ocurrido un accidente de tr\u00e1nsito sobre el Acceso a Ruta Nacional n\u00b0 33 entre Carhu\u00e9 y Espartillar. A ra\u00edz de esta novedad, los efectivos policiales juntamente con personal del Hospital Municipal Carhu\u00e9 y del Cuerpo Activo de Bomberos Voluntarios tambi\u00e9n de esta ciudad se constituyeron en inmediato en dicho sector, situado a unos veinticinco kil\u00f3metros de la planta urbana de Carhu\u00e9, en inmediaciones al cruce de Ruta Nacional n\u00b0 <a class=\"mh-excerpt-more\" href=\"http:\/\/dsrmedios.com.ar\/diario\/archivos\/5045\" title=\"La Polic\u00eda comunal inform\u00f3 de un accidente ocurrido el fin de semana en acceso a nuestra ciudad\">[Leer m\u00e1s]<\/a><\/p>\n<\/div>","protected":false},"author":5,"featured_media":5046,"comment_status":"open","ping_status":"closed","sticky":false,"template":"","format":"standard","meta":{"_jetpack_newsletter_access":""},"categories":[1],"tags":[],"jetpack_featured_media_url":"http:\/\/dsrmedios.com.ar\/diario\/wp-content\/uploads\/2018\/03\/choque-2.jpg","jetpack_sharing_enabled":true,"jetpack_shortlink":"https:\/\/wp.me\/p9fihK-1jn","_links":{"self":[{"href":"http:\/\/dsrmedios.com.ar\/diario\/wp-json\/wp\/v2\/posts\/5045"}],"collection":[{"href":"http:\/\/dsrmedios.com.ar\/diario\/wp-json\/wp\/v2\/posts"}],"about":[{"href":"http:\/\/dsrmedios.com.ar\/diario\/wp-json\/wp\/v2\/types\/post"}],"author":[{"embeddable":true,"href":"http:\/\/dsrmedios.com.ar\/diario\/wp-json\/wp\/v2\/users\/5"}],"replies":[{"embeddable":true,"href":"http:\/\/dsrmedios.com.ar\/diario\/wp-json\/wp\/v2\/comments?post=5045"}],"version-history":[{"count":1,"href":"http:\/\/dsrmedios.com.ar\/diario\/wp-json\/wp\/v2\/posts\/5045\/revisions"}],"predecessor-version":[{"id":5048,"href":"http:\/\/dsrmedios.com.ar\/diario\/wp-json\/wp\/v2\/posts\/5045\/revisions\/5048"}],"wp:featuredmedia":[{"embeddable":true,"href":"http:\/\/dsrmedios.com.ar\/diario\/wp-json\/wp\/v2\/media\/5046"}],"wp:attachment":[{"href":"http:\/\/dsrmedios.com.ar\/diario\/wp-json\/wp\/v2\/media?parent=5045"}],"wp:term":[{"taxonomy":"category","embeddable":true,"href":"http:\/\/dsrmedios.com.ar\/diario\/wp-json\/wp\/v2\/categories?post=5045"},{"taxonomy":"post_tag","embeddable":true,"href":"http:\/\/dsrmedios.com.ar\/diario\/wp-json\/wp\/v2\/tags?post=5045"}],"curies":[{"name":"wp","href":"https:\/\/api.w.org\/{rel}","templated":true}]}}