{"id":5042,"date":"2018-03-28T08:12:06","date_gmt":"2018-03-28T11:12:06","guid":{"rendered":"http:\/\/dsrmedios.com.ar\/diario\/?p=5042"},"modified":"2018-03-28T08:12:06","modified_gmt":"2018-03-28T11:12:06","slug":"en-rivera-el-proximo-lunes-se-realizara-el-acto-oficial-en-recordacion-a-los-caidos-en-malvinas","status":"publish","type":"post","link":"http:\/\/dsrmedios.com.ar\/diario\/archivos\/5042","title":{"rendered":"En Rivera el pr\u00f3ximo lunes se realizar\u00e1 el acto oficial en recordaci\u00f3n a los Ca\u00eddos en Malvinas"},"content":{"rendered":"<p>El pr\u00f3ximo 2 de abril a las 10:30hs se realizar\u00e1 el acto en Homenaje a los veteranos y ca\u00eddos en Malvinas donde se inaugurar\u00e1 un monumento alusivo. Ser\u00e1 en Ant\u00e1rtida y Av. San Martin frente a plaza sarmiento de Rivera.<br \/>\nFinalizado el acto, las autoridades municipales compartir\u00e1n un almuerzo de camarader\u00eda con los ex combatientes.<br \/>\nLuego, a las 18 hs se realizar\u00e1 la ceremonia tradicional de cambio de bandera en el Monumento de Malvinas de Carhu\u00e9 .<\/p>\n","protected":false},"excerpt":{"rendered":"<div class=\"mh-excerpt\"><p>El pr\u00f3ximo 2 de abril a las 10:30hs se realizar\u00e1 el acto en Homenaje a los veteranos y ca\u00eddos en Malvinas donde se inaugurar\u00e1 un monumento alusivo. Ser\u00e1 en Ant\u00e1rtida y Av. San Martin frente a plaza sarmiento de Rivera. Finalizado el acto, las autoridades municipales compartir\u00e1n un almuerzo de camarader\u00eda con los ex combatientes. Luego, a las 18 hs se realizar\u00e1 la ceremonia tradicional de cambio de bandera en el Monumento de Malvinas de Carhu\u00e9 .<\/p>\n<\/div>","protected":false},"author":5,"featured_media":5043,"comment_status":"open","ping_status":"closed","sticky":false,"template":"","format":"standard","meta":{"_jetpack_newsletter_access":""},"categories":[18,5],"tags":[],"jetpack_featured_media_url":"http:\/\/dsrmedios.com.ar\/diario\/wp-content\/uploads\/2018\/03\/5386557cbba29_538x349.jpg","jetpack_sharing_enabled":true,"jetpack_shortlink":"https:\/\/wp.me\/p9fihK-1jk","_links":{"self":[{"href":"http:\/\/dsrmedios.com.ar\/diario\/wp-json\/wp\/v2\/posts\/5042"}],"collection":[{"href":"http:\/\/dsrmedios.com.ar\/diario\/wp-json\/wp\/v2\/posts"}],"about":[{"href":"http:\/\/dsrmedios.com.ar\/diario\/wp-json\/wp\/v2\/types\/post"}],"author":[{"embeddable":true,"href":"http:\/\/dsrmedios.com.ar\/diario\/wp-json\/wp\/v2\/users\/5"}],"replies":[{"embeddable":true,"href":"http:\/\/dsrmedios.com.ar\/diario\/wp-json\/wp\/v2\/comments?post=5042"}],"version-history":[{"count":1,"href":"http:\/\/dsrmedios.com.ar\/diario\/wp-json\/wp\/v2\/posts\/5042\/revisions"}],"predecessor-version":[{"id":5044,"href":"http:\/\/dsrmedios.com.ar\/diario\/wp-json\/wp\/v2\/posts\/5042\/revisions\/5044"}],"wp:featuredmedia":[{"embeddable":true,"href":"http:\/\/dsrmedios.com.ar\/diario\/wp-json\/wp\/v2\/media\/5043"}],"wp:attachment":[{"href":"http:\/\/dsrmedios.com.ar\/diario\/wp-json\/wp\/v2\/media?parent=5042"}],"wp:term":[{"taxonomy":"category","embeddable":true,"href":"http:\/\/dsrmedios.com.ar\/diario\/wp-json\/wp\/v2\/categories?post=5042"},{"taxonomy":"post_tag","embeddable":true,"href":"http:\/\/dsrmedios.com.ar\/diario\/wp-json\/wp\/v2\/tags?post=5042"}],"curies":[{"name":"wp","href":"https:\/\/api.w.org\/{rel}","templated":true}]}}