{"id":5036,"date":"2018-03-28T08:04:21","date_gmt":"2018-03-28T11:04:21","guid":{"rendered":"http:\/\/dsrmedios.com.ar\/diario\/?p=5036"},"modified":"2018-03-28T08:04:32","modified_gmt":"2018-03-28T11:04:32","slug":"el-viernes-a-las-20-hs-se-realizara-el-via-crucis-hasta-la-ermita-de-saavedra","status":"publish","type":"post","link":"http:\/\/dsrmedios.com.ar\/diario\/archivos\/5036","title":{"rendered":"El Viernes a las 20 hs se realizar\u00e1 el V\u00eda Crucis hasta la Ermita de Saavedra."},"content":{"rendered":"<p>En Saavedra ya est\u00e1 todo preparado para este Viernes Santo a las 20, momento en que dar\u00e1 comienzo el 22\u00ba V\u00eda Crucis Viviente en la ermita Nuestra Se\u00f1ora de Luj\u00e1n de la Sierra.<br \/>\nEste a\u00f1o, la puesta en escena contar\u00e1 con la actuaci\u00f3n de m\u00e1s de 60 personas a las que -como novedad- se podr\u00e1n sumar los espectadores que lo deseen, en calidad de extras. En total, habr\u00e1 m\u00e1s de un centenar de vecinos trabajando para que todo salga bien, entre actores, cantantes y personal t\u00e9cnico.<br \/>\nComo siempre, el espect\u00e1culo contar\u00e1 con la inigualable escenograf\u00eda natural que prestan las sierras de Ventania. Adem\u00e1s, el pron\u00f3stico meteorol\u00f3gico indica que el clima acompa\u00f1ar\u00e1 durante toda la jornada. El camino de tierra para llegar hasta la Ermita, de 7 kil\u00f3metros de extensi\u00f3n desde Saavedra, se encuentra en buenas condiciones para ser transitado.<\/p>\n<p>fuente:www.lanueva.com<\/p>\n<p>&nbsp;<\/p>\n<p>&nbsp;<\/p>\n","protected":false},"excerpt":{"rendered":"<div class=\"mh-excerpt\"><p>En Saavedra ya est\u00e1 todo preparado para este Viernes Santo a las 20, momento en que dar\u00e1 comienzo el 22\u00ba V\u00eda Crucis Viviente en la ermita Nuestra Se\u00f1ora de Luj\u00e1n de la Sierra. Este a\u00f1o, la puesta en escena contar\u00e1 con la actuaci\u00f3n de m\u00e1s de 60 personas a las que -como novedad- se podr\u00e1n sumar los espectadores que lo deseen, en calidad de extras. En total, habr\u00e1 m\u00e1s de un centenar de vecinos trabajando para que todo salga bien, entre actores, cantantes y personal t\u00e9cnico. Como siempre, el espect\u00e1culo contar\u00e1 con la inigualable escenograf\u00eda natural que prestan las sierras <a class=\"mh-excerpt-more\" href=\"http:\/\/dsrmedios.com.ar\/diario\/archivos\/5036\" title=\"El Viernes a las 20 hs se realizar\u00e1 el V\u00eda Crucis hasta la Ermita de Saavedra.\">[Leer m\u00e1s]<\/a><\/p>\n<\/div>","protected":false},"author":5,"featured_media":5037,"comment_status":"open","ping_status":"closed","sticky":false,"template":"","format":"standard","meta":{"_jetpack_newsletter_access":""},"categories":[18,8],"tags":[],"jetpack_featured_media_url":"http:\/\/dsrmedios.com.ar\/diario\/wp-content\/uploads\/2018\/03\/1522182564753.jpg","jetpack_sharing_enabled":true,"jetpack_shortlink":"https:\/\/wp.me\/p9fihK-1je","_links":{"self":[{"href":"http:\/\/dsrmedios.com.ar\/diario\/wp-json\/wp\/v2\/posts\/5036"}],"collection":[{"href":"http:\/\/dsrmedios.com.ar\/diario\/wp-json\/wp\/v2\/posts"}],"about":[{"href":"http:\/\/dsrmedios.com.ar\/diario\/wp-json\/wp\/v2\/types\/post"}],"author":[{"embeddable":true,"href":"http:\/\/dsrmedios.com.ar\/diario\/wp-json\/wp\/v2\/users\/5"}],"replies":[{"embeddable":true,"href":"http:\/\/dsrmedios.com.ar\/diario\/wp-json\/wp\/v2\/comments?post=5036"}],"version-history":[{"count":1,"href":"http:\/\/dsrmedios.com.ar\/diario\/wp-json\/wp\/v2\/posts\/5036\/revisions"}],"predecessor-version":[{"id":5038,"href":"http:\/\/dsrmedios.com.ar\/diario\/wp-json\/wp\/v2\/posts\/5036\/revisions\/5038"}],"wp:featuredmedia":[{"embeddable":true,"href":"http:\/\/dsrmedios.com.ar\/diario\/wp-json\/wp\/v2\/media\/5037"}],"wp:attachment":[{"href":"http:\/\/dsrmedios.com.ar\/diario\/wp-json\/wp\/v2\/media?parent=5036"}],"wp:term":[{"taxonomy":"category","embeddable":true,"href":"http:\/\/dsrmedios.com.ar\/diario\/wp-json\/wp\/v2\/categories?post=5036"},{"taxonomy":"post_tag","embeddable":true,"href":"http:\/\/dsrmedios.com.ar\/diario\/wp-json\/wp\/v2\/tags?post=5036"}],"curies":[{"name":"wp","href":"https:\/\/api.w.org\/{rel}","templated":true}]}}