{"id":5029,"date":"2018-03-28T07:56:14","date_gmt":"2018-03-28T10:56:14","guid":{"rendered":"http:\/\/dsrmedios.com.ar\/diario\/?p=5029"},"modified":"2018-03-28T07:57:06","modified_gmt":"2018-03-28T10:57:06","slug":"5029","status":"publish","type":"post","link":"http:\/\/dsrmedios.com.ar\/diario\/archivos\/5029","title":{"rendered":"El Vice Gobernador Daniel Salvador visitar\u00e1 ma\u00f1ana nuestra ciudad junto al Ministro de la Producci\u00f3n"},"content":{"rendered":"<p>El Vice gobernador de la Provincia de Buenos Aires, Daniel Salvador, arribar\u00e1 a las 10 hs de ma\u00f1ana al a\u00e9roclub de nuestra ciudad para trasladarse junto a su comitiva al Palacio Municipal donde se reunir\u00e1 en primera instancia con el Intendente David Hirtz y luego lo har\u00e1 con intendentes, legisladores y dirigente de extracci\u00f3n radical de nuestra regi\u00f3n.El mandatario viene acompa\u00f1ado entre otros, por el Ministro de la Producci\u00f3n Jorge Elustondo junto a quien el Vice Gobernador dejar{a oficialmente inaugurada la muestra de Ciencias que se presenta en la Casa de la Cultura.<\/p>\n<p>El acto de inaugruaci\u00f3n ser\u00e1 a las 15:00 horas de ma\u00f1ana y luego el Dr. Salvador partir\u00e1 nuevamente con destino a La Plata. Mientras que el Ministro Elustondo ha decidido pasar el fin de semana de Pascuas aqu\u00ed en nuestro medio junto a su familia y continuar\u00e1 atendiendo a distritos vecinos durante esos d\u00edas por diversos temas vinculados a su gesti\u00f3n.<\/p>\n<p>&nbsp;<\/p>\n<p>&nbsp;<\/p>\n","protected":false},"excerpt":{"rendered":"<div class=\"mh-excerpt\"><p>El Vice gobernador de la Provincia de Buenos Aires, Daniel Salvador, arribar\u00e1 a las 10 hs de ma\u00f1ana al a\u00e9roclub de nuestra ciudad para trasladarse junto a su comitiva al Palacio Municipal donde se reunir\u00e1 en primera instancia con el Intendente David Hirtz y luego lo har\u00e1 con intendentes, legisladores y dirigente de extracci\u00f3n radical de nuestra regi\u00f3n.El mandatario viene acompa\u00f1ado entre otros, por el Ministro de la Producci\u00f3n Jorge Elustondo junto a quien el Vice Gobernador dejar{a oficialmente inaugurada la muestra de Ciencias que se presenta en la Casa de la Cultura. El acto de inaugruaci\u00f3n ser\u00e1 a las <a class=\"mh-excerpt-more\" href=\"http:\/\/dsrmedios.com.ar\/diario\/archivos\/5029\" title=\"El Vice Gobernador Daniel Salvador visitar\u00e1 ma\u00f1ana nuestra ciudad junto al Ministro de la Producci\u00f3n\">[Leer m\u00e1s]<\/a><\/p>\n<\/div>","protected":false},"author":5,"featured_media":5030,"comment_status":"open","ping_status":"closed","sticky":false,"template":"","format":"standard","meta":{"_jetpack_newsletter_access":""},"categories":[18,5],"tags":[],"jetpack_featured_media_url":"http:\/\/dsrmedios.com.ar\/diario\/wp-content\/uploads\/2018\/03\/salvador-800x416.jpg","jetpack_sharing_enabled":true,"jetpack_shortlink":"https:\/\/wp.me\/s9fihK-5029","_links":{"self":[{"href":"http:\/\/dsrmedios.com.ar\/diario\/wp-json\/wp\/v2\/posts\/5029"}],"collection":[{"href":"http:\/\/dsrmedios.com.ar\/diario\/wp-json\/wp\/v2\/posts"}],"about":[{"href":"http:\/\/dsrmedios.com.ar\/diario\/wp-json\/wp\/v2\/types\/post"}],"author":[{"embeddable":true,"href":"http:\/\/dsrmedios.com.ar\/diario\/wp-json\/wp\/v2\/users\/5"}],"replies":[{"embeddable":true,"href":"http:\/\/dsrmedios.com.ar\/diario\/wp-json\/wp\/v2\/comments?post=5029"}],"version-history":[{"count":2,"href":"http:\/\/dsrmedios.com.ar\/diario\/wp-json\/wp\/v2\/posts\/5029\/revisions"}],"predecessor-version":[{"id":5033,"href":"http:\/\/dsrmedios.com.ar\/diario\/wp-json\/wp\/v2\/posts\/5029\/revisions\/5033"}],"wp:featuredmedia":[{"embeddable":true,"href":"http:\/\/dsrmedios.com.ar\/diario\/wp-json\/wp\/v2\/media\/5030"}],"wp:attachment":[{"href":"http:\/\/dsrmedios.com.ar\/diario\/wp-json\/wp\/v2\/media?parent=5029"}],"wp:term":[{"taxonomy":"category","embeddable":true,"href":"http:\/\/dsrmedios.com.ar\/diario\/wp-json\/wp\/v2\/categories?post=5029"},{"taxonomy":"post_tag","embeddable":true,"href":"http:\/\/dsrmedios.com.ar\/diario\/wp-json\/wp\/v2\/tags?post=5029"}],"curies":[{"name":"wp","href":"https:\/\/api.w.org\/{rel}","templated":true}]}}