{"id":5006,"date":"2018-03-27T07:06:12","date_gmt":"2018-03-27T10:06:12","guid":{"rendered":"http:\/\/dsrmedios.com.ar\/diario\/?p=5006"},"modified":"2018-03-26T16:29:58","modified_gmt":"2018-03-26T19:29:58","slug":"la-economia-crecera-menos-este-ano-a-causa-de-la-intensa-sequia-y-su-impacto-negativo","status":"publish","type":"post","link":"http:\/\/dsrmedios.com.ar\/diario\/archivos\/5006","title":{"rendered":"La econom\u00eda crecer\u00e1 menos este a\u00f1o a causa de la intensa sequ\u00eda y su impacto negativo"},"content":{"rendered":"<p>El Producto Bruto de la Argentina subir\u00e1 s\u00f3lo 2,5% este a\u00f1o como consecuencia del impacto negativo de la sequ\u00eda sobre la producci\u00f3n agropecuaria, mientras el mayor desaf\u00edo ser\u00e1 cumplir la meta del 15% de inflaci\u00f3n anual, seg\u00fan un reporte de la financiera Puente difundido hoy.<\/p>\n<p>El equipo de especialistas de esa compa\u00f1\u00eda especializada en colocaci\u00f3n de deuda redujo la previsi\u00f3n inicial, del 3,3%, tras analizar las \u00faltimas proyecciones que arrojan una menor cosecha de soja producto de condiciones clim\u00e1ticas adversas.<\/p>\n<p>\u00bfPuede Argentina crecer de forma m\u00e1s acelerada que sus vecinos, o que lo esperado por el consenso de los analistas?, \u00bfpuede Argentina balancear sus cuentas fiscales en los pr\u00f3ximos a\u00f1os?, y \u00bfc\u00f3mo afecta esto el posicionamiento de las carteras?, fueron los interrogantes que se plante\u00f3 el equipo de Research de Puente.<\/p>\n<p>fuente:www.noticiasargentinas.com<\/p>\n","protected":false},"excerpt":{"rendered":"<div class=\"mh-excerpt\"><p>El Producto Bruto de la Argentina subir\u00e1 s\u00f3lo 2,5% este a\u00f1o como consecuencia del impacto negativo de la sequ\u00eda sobre la producci\u00f3n agropecuaria, mientras el mayor desaf\u00edo ser\u00e1 cumplir la meta del 15% de inflaci\u00f3n anual, seg\u00fan un reporte de la financiera Puente difundido hoy. El equipo de especialistas de esa compa\u00f1\u00eda especializada en colocaci\u00f3n de deuda redujo la previsi\u00f3n inicial, del 3,3%, tras analizar las \u00faltimas proyecciones que arrojan una menor cosecha de soja producto de condiciones clim\u00e1ticas adversas. \u00bfPuede Argentina crecer de forma m\u00e1s acelerada que sus vecinos, o que lo esperado por el consenso de los analistas?, <a class=\"mh-excerpt-more\" href=\"http:\/\/dsrmedios.com.ar\/diario\/archivos\/5006\" title=\"La econom\u00eda crecer\u00e1 menos este a\u00f1o a causa de la intensa sequ\u00eda y su impacto negativo\">[Leer m\u00e1s]<\/a><\/p>\n<\/div>","protected":false},"author":5,"featured_media":5007,"comment_status":"open","ping_status":"closed","sticky":false,"template":"","format":"standard","meta":{"_jetpack_newsletter_access":""},"categories":[18,6],"tags":[],"jetpack_featured_media_url":"http:\/\/dsrmedios.com.ar\/diario\/wp-content\/uploads\/2018\/03\/sequia.jpg","jetpack_sharing_enabled":true,"jetpack_shortlink":"https:\/\/wp.me\/p9fihK-1iK","_links":{"self":[{"href":"http:\/\/dsrmedios.com.ar\/diario\/wp-json\/wp\/v2\/posts\/5006"}],"collection":[{"href":"http:\/\/dsrmedios.com.ar\/diario\/wp-json\/wp\/v2\/posts"}],"about":[{"href":"http:\/\/dsrmedios.com.ar\/diario\/wp-json\/wp\/v2\/types\/post"}],"author":[{"embeddable":true,"href":"http:\/\/dsrmedios.com.ar\/diario\/wp-json\/wp\/v2\/users\/5"}],"replies":[{"embeddable":true,"href":"http:\/\/dsrmedios.com.ar\/diario\/wp-json\/wp\/v2\/comments?post=5006"}],"version-history":[{"count":1,"href":"http:\/\/dsrmedios.com.ar\/diario\/wp-json\/wp\/v2\/posts\/5006\/revisions"}],"predecessor-version":[{"id":5008,"href":"http:\/\/dsrmedios.com.ar\/diario\/wp-json\/wp\/v2\/posts\/5006\/revisions\/5008"}],"wp:featuredmedia":[{"embeddable":true,"href":"http:\/\/dsrmedios.com.ar\/diario\/wp-json\/wp\/v2\/media\/5007"}],"wp:attachment":[{"href":"http:\/\/dsrmedios.com.ar\/diario\/wp-json\/wp\/v2\/media?parent=5006"}],"wp:term":[{"taxonomy":"category","embeddable":true,"href":"http:\/\/dsrmedios.com.ar\/diario\/wp-json\/wp\/v2\/categories?post=5006"},{"taxonomy":"post_tag","embeddable":true,"href":"http:\/\/dsrmedios.com.ar\/diario\/wp-json\/wp\/v2\/tags?post=5006"}],"curies":[{"name":"wp","href":"https:\/\/api.w.org\/{rel}","templated":true}]}}