{"id":5003,"date":"2018-03-27T07:05:38","date_gmt":"2018-03-27T10:05:38","guid":{"rendered":"http:\/\/dsrmedios.com.ar\/diario\/?p=5003"},"modified":"2018-03-26T16:25:54","modified_gmt":"2018-03-26T19:25:54","slug":"dos-argentinos-muertos-y-uno-debio-recibir-un-trasplante-hepatico-a-causa-de-la-fiebre-amarilla","status":"publish","type":"post","link":"http:\/\/dsrmedios.com.ar\/diario\/archivos\/5003","title":{"rendered":"Dos argentinos muertos y uno debi\u00f3 recibir un trasplante hep\u00e1tico a causa de la fiebre amarilla"},"content":{"rendered":"<p>La emergencia por fiebre amarilla que atraviesa Brasil ya se cobr\u00f3 la vida de dos argentinos que viajaron al vecino pa\u00eds sin vacunarse y, a su regreso, desarrollaron la enfermedad desencadenando cuadros graves que resultaron fatales, seg\u00fan confirmaron desde el Ministerio de Salud.<\/p>\n<p>Seg\u00fan el \u00faltimo Bolet\u00edn Integrado de Vigilancia del Ministerio de Salud, hasta la Semana Epidemiol\u00f3gica 12 (SE12) se registraron en el pa\u00eds siete casos de fiebre amarilla importados con antecedente de viaje a Brasil y sin antecedente de vacunaci\u00f3n. Dos de los pacientes fallecieron en la \u00faltima semana.<\/p>\n<p>Los fallecidos eran personas mayores de 60 a\u00f1os. \u201cUno con residencia en R\u00edo Negro y asistido en un efector privado en Neuqu\u00e9n y otro con residencia en Lan\u00fas, provincia de Buenos Aires, asistido en un efector privado de la Ciudad Aut\u00f3noma de Buenos Aires\u201d, dice el bolet\u00edn.<\/p>\n<p>El caso fatal en la Provincia de Buenos Aires corresponde de un hombre de 69 a\u00f1os que no tuvo buena evoluci\u00f3n y present\u00f3 una insuficiencia renal de la que no se pudo recuperar y dos d\u00edas despu\u00e9s (el viernes \u00faltimo) muri\u00f3 por un fallo multiorg\u00e1nico.<\/p>\n<p>Hoy, adem\u00e1s, se dio a conocer el caso de un joven de 24 a\u00f1os que viaj\u00f3 a Brasil en un crucero que hizo una parada en Isla Grande, una de las zonas en alerta por fiebre amarilla, se contagi\u00f3 la enfermedad y tuvo que ser sometido a un trasplante hep\u00e1tico.<\/p>\n<p>Seg\u00fan inform\u00f3 el doctor Claudio Zin, el joven hab\u00eda viajado sin inmunizarse porque alguien le habr\u00eda dicho que no era necesario aplicarse la vacuna debido a que iban a estar pocos d\u00edas en Isla Grande, en el estado de R\u00edo de Janeiro.<\/p>\n<p>De regreso en Buenos Aires, el joven empieza a presentar s\u00edntomas compatibles con la enfermedad, como fiebre alta y la coloraci\u00f3n amarilla caracter\u00edstica de esta patolog\u00eda.<\/p>\n<p>El paciente qued\u00f3 internado en la Trinidad Mitre, donde a las pocas horas el cuadro se complica, con una insuficiencia renal y falla hep\u00e1tica que lo hace ingresar de inmediato en la lista de emergencia nacional para recibir un trasplante de h\u00edgado.<\/p>\n<p>Afortunadamente, a las pocas horas aparece un donante y el joven pudo recibir el trasplante, hasta el momento sin complicaciones.<\/p>\n<p>fuente:www.clarin.com<\/p>\n","protected":false},"excerpt":{"rendered":"<div class=\"mh-excerpt\"><p>La emergencia por fiebre amarilla que atraviesa Brasil ya se cobr\u00f3 la vida de dos argentinos que viajaron al vecino pa\u00eds sin vacunarse y, a su regreso, desarrollaron la enfermedad desencadenando cuadros graves que resultaron fatales, seg\u00fan confirmaron desde el Ministerio de Salud. Seg\u00fan el \u00faltimo Bolet\u00edn Integrado de Vigilancia del Ministerio de Salud, hasta la Semana Epidemiol\u00f3gica 12 (SE12) se registraron en el pa\u00eds siete casos de fiebre amarilla importados con antecedente de viaje a Brasil y sin antecedente de vacunaci\u00f3n. Dos de los pacientes fallecieron en la \u00faltima semana. Los fallecidos eran personas mayores de 60 a\u00f1os. \u201cUno <a class=\"mh-excerpt-more\" href=\"http:\/\/dsrmedios.com.ar\/diario\/archivos\/5003\" title=\"Dos argentinos muertos y uno debi\u00f3 recibir un trasplante hep\u00e1tico a causa de la fiebre amarilla\">[Leer m\u00e1s]<\/a><\/p>\n<\/div>","protected":false},"author":5,"featured_media":5004,"comment_status":"open","ping_status":"closed","sticky":false,"template":"","format":"standard","meta":{"_jetpack_newsletter_access":""},"categories":[18,6],"tags":[],"jetpack_featured_media_url":"http:\/\/dsrmedios.com.ar\/diario\/wp-content\/uploads\/2018\/03\/fiebre-amarilla.jpg","jetpack_sharing_enabled":true,"jetpack_shortlink":"https:\/\/wp.me\/p9fihK-1iH","_links":{"self":[{"href":"http:\/\/dsrmedios.com.ar\/diario\/wp-json\/wp\/v2\/posts\/5003"}],"collection":[{"href":"http:\/\/dsrmedios.com.ar\/diario\/wp-json\/wp\/v2\/posts"}],"about":[{"href":"http:\/\/dsrmedios.com.ar\/diario\/wp-json\/wp\/v2\/types\/post"}],"author":[{"embeddable":true,"href":"http:\/\/dsrmedios.com.ar\/diario\/wp-json\/wp\/v2\/users\/5"}],"replies":[{"embeddable":true,"href":"http:\/\/dsrmedios.com.ar\/diario\/wp-json\/wp\/v2\/comments?post=5003"}],"version-history":[{"count":1,"href":"http:\/\/dsrmedios.com.ar\/diario\/wp-json\/wp\/v2\/posts\/5003\/revisions"}],"predecessor-version":[{"id":5005,"href":"http:\/\/dsrmedios.com.ar\/diario\/wp-json\/wp\/v2\/posts\/5003\/revisions\/5005"}],"wp:featuredmedia":[{"embeddable":true,"href":"http:\/\/dsrmedios.com.ar\/diario\/wp-json\/wp\/v2\/media\/5004"}],"wp:attachment":[{"href":"http:\/\/dsrmedios.com.ar\/diario\/wp-json\/wp\/v2\/media?parent=5003"}],"wp:term":[{"taxonomy":"category","embeddable":true,"href":"http:\/\/dsrmedios.com.ar\/diario\/wp-json\/wp\/v2\/categories?post=5003"},{"taxonomy":"post_tag","embeddable":true,"href":"http:\/\/dsrmedios.com.ar\/diario\/wp-json\/wp\/v2\/tags?post=5003"}],"curies":[{"name":"wp","href":"https:\/\/api.w.org\/{rel}","templated":true}]}}