{"id":4996,"date":"2018-03-27T07:04:33","date_gmt":"2018-03-27T10:04:33","guid":{"rendered":"http:\/\/dsrmedios.com.ar\/diario\/?p=4996"},"modified":"2018-03-26T11:07:48","modified_gmt":"2018-03-26T14:07:48","slug":"este-sera-el-feriado-mas-largo-del-ano-y-estan-definidos-los-demas-feriados","status":"publish","type":"post","link":"http:\/\/dsrmedios.com.ar\/diario\/archivos\/4996","title":{"rendered":"Este ser\u00e1 el feriado m\u00e1s largo del a\u00f1o y est\u00e1n definidos los dem\u00e1s feriados"},"content":{"rendered":"<p>Se viene el fin de semana m\u00e1s largo del a\u00f1o, que integra los d\u00edas no laborables y los feriados de Semana Santa y el D\u00eda del Veterano de Malvinas. Si el empleador otorga asueto el jueves 29, en total ser\u00e1n cinco d\u00edas de descanso. Sino, ser\u00e1n cuatro d\u00edas.<\/p>\n<p>El 29 de marzo es Jueves Santo. Es un &#8220;d\u00eda no laborable&#8221;, es decir, que el trabajo ser\u00e1 optativo para el empleador, salvo en bancos, seguros y actividades afines. El 30 de marzo es Viernes Santo, un feriado nacional inamovible. Luego, vienen el s\u00e1bado y el domingo. Y el descanso contin\u00faa el lunes 2 de abril, que es el D\u00eda del Veterano y de los Ca\u00eddos en la Guerra de Malvinas, otro feriado nacional inamovible.<\/p>\n<p>Probablemente sea una fecha apetecida por los turistas. A\u00fan persiste el calor para viajar y representa una buena cantidad de d\u00edas no laborables. Sin embargo, para quienes no puedan organizar una escapada, el a\u00f1o reci\u00e9n empieza. Todav\u00eda quedan ocho fines de semana largos en 2018, de acuerdo al cronograma del Ministerio del Interior.<\/p>\n<p>Los pr\u00f3ximos fines de semana largos<\/p>\n<p>* Feriado puente y D\u00eda del Trabajador: del s\u00e1bado 28 de abril al martes 1 de mayo. 4 d\u00edas. (El 30 de abril fue decretado feriado puente).<\/p>\n<p>* Revoluci\u00f3n de Mayo: del viernes 25 al domingo 27 de mayo. 3 d\u00edas.<\/p>\n<p>* D\u00eda de la Independencia: del s\u00e1bado 7 al lunes 9 de julio. 3 d\u00edas.<\/p>\n<p>* Paso a la Inmortalidad del Gral. Jos\u00e9 de San Mart\u00edn: del s\u00e1bado 18 de al lunes 20 de agosto. 3 d\u00edas. (Feriado trasladado al d\u00eda 20)<\/p>\n<p>* D\u00eda de la Diversidad Cultural: del s\u00e1bado 13 al lunes 15 de octubre. 3 d\u00edas. (Feriado trasladado al d\u00eda 15).<\/p>\n<p>* D\u00eda de la Soberan\u00eda Nacional: del s\u00e1bado 17 al lunes 19 de noviembre. 3 d\u00edas.<\/p>\n<p>* Navidad: del s\u00e1bado 22 al martes 25 de enero. 4 d\u00edas. (El 24 de diciembre fue decretado feriado puente).<\/p>\n<p>* A\u00f1o Nuevo: del 29 de diciembre al 1\u00b0 de enero de 2018. 4 d\u00edas. (El 31 de diciembre fue decretado feriado puente).<\/p>\n<p>fuente:www.clarin.com<\/p>\n<p>&nbsp;<\/p>\n","protected":false},"excerpt":{"rendered":"<div class=\"mh-excerpt\"><p>Se viene el fin de semana m\u00e1s largo del a\u00f1o, que integra los d\u00edas no laborables y los feriados de Semana Santa y el D\u00eda del Veterano de Malvinas. Si el empleador otorga asueto el jueves 29, en total ser\u00e1n cinco d\u00edas de descanso. Sino, ser\u00e1n cuatro d\u00edas. El 29 de marzo es Jueves Santo. Es un &#8220;d\u00eda no laborable&#8221;, es decir, que el trabajo ser\u00e1 optativo para el empleador, salvo en bancos, seguros y actividades afines. El 30 de marzo es Viernes Santo, un feriado nacional inamovible. Luego, vienen el s\u00e1bado y el domingo. Y el descanso contin\u00faa el <a class=\"mh-excerpt-more\" href=\"http:\/\/dsrmedios.com.ar\/diario\/archivos\/4996\" title=\"Este ser\u00e1 el feriado m\u00e1s largo del a\u00f1o y est\u00e1n definidos los dem\u00e1s feriados\">[Leer m\u00e1s]<\/a><\/p>\n<\/div>","protected":false},"author":5,"featured_media":4997,"comment_status":"open","ping_status":"closed","sticky":false,"template":"","format":"standard","meta":{"_jetpack_newsletter_access":""},"categories":[18,6],"tags":[],"jetpack_featured_media_url":"http:\/\/dsrmedios.com.ar\/diario\/wp-content\/uploads\/2018\/03\/feriados.jpg","jetpack_sharing_enabled":true,"jetpack_shortlink":"https:\/\/wp.me\/p9fihK-1iA","_links":{"self":[{"href":"http:\/\/dsrmedios.com.ar\/diario\/wp-json\/wp\/v2\/posts\/4996"}],"collection":[{"href":"http:\/\/dsrmedios.com.ar\/diario\/wp-json\/wp\/v2\/posts"}],"about":[{"href":"http:\/\/dsrmedios.com.ar\/diario\/wp-json\/wp\/v2\/types\/post"}],"author":[{"embeddable":true,"href":"http:\/\/dsrmedios.com.ar\/diario\/wp-json\/wp\/v2\/users\/5"}],"replies":[{"embeddable":true,"href":"http:\/\/dsrmedios.com.ar\/diario\/wp-json\/wp\/v2\/comments?post=4996"}],"version-history":[{"count":1,"href":"http:\/\/dsrmedios.com.ar\/diario\/wp-json\/wp\/v2\/posts\/4996\/revisions"}],"predecessor-version":[{"id":4998,"href":"http:\/\/dsrmedios.com.ar\/diario\/wp-json\/wp\/v2\/posts\/4996\/revisions\/4998"}],"wp:featuredmedia":[{"embeddable":true,"href":"http:\/\/dsrmedios.com.ar\/diario\/wp-json\/wp\/v2\/media\/4997"}],"wp:attachment":[{"href":"http:\/\/dsrmedios.com.ar\/diario\/wp-json\/wp\/v2\/media?parent=4996"}],"wp:term":[{"taxonomy":"category","embeddable":true,"href":"http:\/\/dsrmedios.com.ar\/diario\/wp-json\/wp\/v2\/categories?post=4996"},{"taxonomy":"post_tag","embeddable":true,"href":"http:\/\/dsrmedios.com.ar\/diario\/wp-json\/wp\/v2\/tags?post=4996"}],"curies":[{"name":"wp","href":"https:\/\/api.w.org\/{rel}","templated":true}]}}