{"id":4979,"date":"2018-03-26T08:42:15","date_gmt":"2018-03-26T11:42:15","guid":{"rendered":"http:\/\/dsrmedios.com.ar\/diario\/?p=4979"},"modified":"2018-03-26T08:42:15","modified_gmt":"2018-03-26T11:42:15","slug":"miles-de-personas-marcharon-en-todo-el-pais-contra-la-legalizacion-del-aborto","status":"publish","type":"post","link":"http:\/\/dsrmedios.com.ar\/diario\/archivos\/4979","title":{"rendered":"Miles de personas marcharon en todo el pa\u00eds contra la legalizaci\u00f3n del aborto"},"content":{"rendered":"<p>Luego de que el Congreso acordara una agenda de cara al tratamiento de una ley de aborto, miles de personas en todo el pa\u00eds se movilizaron en su contra bajo la consigna &#8220;Marcha por la Vida&#8221;, en coincidencia con el Domingo de Ramos previo a la Pascua y con la conmoraci\u00f3n del D\u00eda del Ni\u00f1o por Nacer.<\/p>\n<p>El epicentro de las concentraciones tuvo lugar en el barrio porte\u00f1o de Palermo, y se replic\u00f3 en distintas ciudades de todo el pa\u00eds, muchas de ellas en la provincia de Buenos Aires, donde miles de personas marcharon por las calles.<\/p>\n<p>En la Ciudad de Buenos Aires la marcha se realiz\u00f3 desde Plaza Italia a la Facultad de Derecho de la UBA, sobre avenida Figueroa Alcorta, donde varios oradores se expresaron contra el aborto desde diversos enfoques y defendieron &#8220;la vida desde el momento de la concepci\u00f3n&#8221;.<\/p>\n<p>&#8220;Estamos viviendo una etapa de la Argentina con algunas dudas respecto a lo que significa la vida y en qu\u00e9 momento se origina&#8221;, plante\u00f3 un organizador de la jornada que convocaron ONGs nucleadas en Unidad Provida, a la que se sumaron el clero cat\u00f3lico y la Alianza Cristiana de Iglesias Evang\u00e9licas de la Rep\u00fablica Argentina (Aciera).<\/p>\n<p>El obispo de la ciudad bonaerense de Azul, Hugo Salaberry, dijo que &#8220;considerando la cantidad de familias que desean un ni\u00f1o y no lo pueden tener, el aborto es una afrenta a esas personas&#8221;. Monse\u00f1or Salaberry afirm\u00f3 que \u00e9l y los sacerdotes de su di\u00f3cesis est\u00e1n &#8220;dispuestos a recibir a los ni\u00f1os no deseados&#8221; y a hacerse &#8220;cargo de ellos&#8221;. &#8220;Las leyes nos hacen crecer en humanidad y nos sacan del reino de la selva en la medida que protegen al m\u00e1s d\u00e9bil frente al poderoso&#8221;, se\u00f1al\u00f3 el obispo. Y agreg\u00f3: &#8220;Esta encrucijada nos obliga a tomar posici\u00f3n: una mujer embarazada que duda, parientes o amigos que aconsejan y profesionales que necesariamente intervienen por un lado y por otro, un ni\u00f1o por nacer, indefenso e inocente. Nosotros ya decidimos&#8221;.<\/p>\n<p>fuente.www.aninoticias.com<\/p>\n<p>&nbsp;<\/p>\n","protected":false},"excerpt":{"rendered":"<div class=\"mh-excerpt\"><p>Luego de que el Congreso acordara una agenda de cara al tratamiento de una ley de aborto, miles de personas en todo el pa\u00eds se movilizaron en su contra bajo la consigna &#8220;Marcha por la Vida&#8221;, en coincidencia con el Domingo de Ramos previo a la Pascua y con la conmoraci\u00f3n del D\u00eda del Ni\u00f1o por Nacer. El epicentro de las concentraciones tuvo lugar en el barrio porte\u00f1o de Palermo, y se replic\u00f3 en distintas ciudades de todo el pa\u00eds, muchas de ellas en la provincia de Buenos Aires, donde miles de personas marcharon por las calles. En la Ciudad <a class=\"mh-excerpt-more\" href=\"http:\/\/dsrmedios.com.ar\/diario\/archivos\/4979\" title=\"Miles de personas marcharon en todo el pa\u00eds contra la legalizaci\u00f3n del aborto\">[Leer m\u00e1s]<\/a><\/p>\n<\/div>","protected":false},"author":5,"featured_media":4980,"comment_status":"open","ping_status":"closed","sticky":false,"template":"","format":"standard","meta":{"_jetpack_newsletter_access":""},"categories":[18,6],"tags":[],"jetpack_featured_media_url":"http:\/\/dsrmedios.com.ar\/diario\/wp-content\/uploads\/2018\/03\/marcha-vida.jpg","jetpack_sharing_enabled":true,"jetpack_shortlink":"https:\/\/wp.me\/p9fihK-1ij","_links":{"self":[{"href":"http:\/\/dsrmedios.com.ar\/diario\/wp-json\/wp\/v2\/posts\/4979"}],"collection":[{"href":"http:\/\/dsrmedios.com.ar\/diario\/wp-json\/wp\/v2\/posts"}],"about":[{"href":"http:\/\/dsrmedios.com.ar\/diario\/wp-json\/wp\/v2\/types\/post"}],"author":[{"embeddable":true,"href":"http:\/\/dsrmedios.com.ar\/diario\/wp-json\/wp\/v2\/users\/5"}],"replies":[{"embeddable":true,"href":"http:\/\/dsrmedios.com.ar\/diario\/wp-json\/wp\/v2\/comments?post=4979"}],"version-history":[{"count":1,"href":"http:\/\/dsrmedios.com.ar\/diario\/wp-json\/wp\/v2\/posts\/4979\/revisions"}],"predecessor-version":[{"id":4981,"href":"http:\/\/dsrmedios.com.ar\/diario\/wp-json\/wp\/v2\/posts\/4979\/revisions\/4981"}],"wp:featuredmedia":[{"embeddable":true,"href":"http:\/\/dsrmedios.com.ar\/diario\/wp-json\/wp\/v2\/media\/4980"}],"wp:attachment":[{"href":"http:\/\/dsrmedios.com.ar\/diario\/wp-json\/wp\/v2\/media?parent=4979"}],"wp:term":[{"taxonomy":"category","embeddable":true,"href":"http:\/\/dsrmedios.com.ar\/diario\/wp-json\/wp\/v2\/categories?post=4979"},{"taxonomy":"post_tag","embeddable":true,"href":"http:\/\/dsrmedios.com.ar\/diario\/wp-json\/wp\/v2\/tags?post=4979"}],"curies":[{"name":"wp","href":"https:\/\/api.w.org\/{rel}","templated":true}]}}