{"id":4973,"date":"2018-03-26T08:05:01","date_gmt":"2018-03-26T11:05:01","guid":{"rendered":"http:\/\/dsrmedios.com.ar\/diario\/?p=4973"},"modified":"2018-03-26T08:05:01","modified_gmt":"2018-03-26T11:05:01","slug":"la-desaparicion-de-un-joven-estudiante-suarense-que-continua-sin-respuesta","status":"publish","type":"post","link":"http:\/\/dsrmedios.com.ar\/diario\/archivos\/4973","title":{"rendered":"La desaparici\u00f3n de un joven estudiante suarense que contin\u00faa sin respuesta"},"content":{"rendered":"<p>&nbsp;<\/p>\n<p>El joven suarense desapareci\u00f3 en diciembre pasado en La Plata, cuando viaj\u00f3 a rendir un examen de la universidad. Lo \u00fanico que se sabe es que no se present\u00f3 a rendir el final. Estudiaba las carreras de Econom\u00eda y Periodismo. \u00bfC\u00f3mo puede un hijo desaparecer de la faz de la tierra sin dejar rastro, de un d\u00eda para otro, simplemente esfumarse? \u00bfC\u00f3mo pod\u00eda el padre de Mariano Gonz\u00e1lez Schwindt, cuando lo abraz\u00f3 en la terminal de \u00f3mnibus de Coronel Su\u00e1rez el pasado 5 de diciembre, saber que no volver\u00eda a verlo ni a escuchar su voz, como m\u00ednimo, por tres meses, que es el tiempo que lleva desaparecido? Nada indicaba que su hijo no volver\u00eda a casa tras rendir un examen en la ciudad de La Plata. De hecho, la despedida fue una m\u00e1s. Un &#8220;hasta luego&#8221; de rutina, en la que un padre acompa\u00f1a a su hijo, le desea suerte y vuelve tranquilo a casa.<br \/>\nMariano, de 26 a\u00f1os, viv\u00eda con sus padres y una hermana mayor que \u00e9l, con un retraso madurativo. Estudiaba dos carreras universitarias. Subi\u00f3 aquel 5 de diciembre, a las 22.30, a una unidad Jetmar -de la empresa La Estrella- destino a La Plata para rendir un final en la Facultad de Ciencias Econ\u00f3micas y no regres\u00f3.<br \/>\n\u201cLlamame cuando llegues, as\u00ed me quedo tranquilo\u201d, le hab\u00eda dicho por la noche su pap\u00e1, Alberto.<br \/>\nY Mariano as\u00ed lo hizo. Le mand\u00f3 un Whatsapp a las 6.20 del 6 de diciembre: \u201cYa estoy en La Plata. Todo bien\u201d.<\/p>\n<p>\u201cEs lo peor que pudo pasarnos en la vida. No s\u00e9 qu\u00e9 pensar. Tengo mil preguntas y todav\u00eda ni una respuesta\u201d, expres\u00f3 Alberto, padre de Mariano.<br \/>\nA media ma\u00f1ana el joven se encontr\u00f3 en la calle con una compa\u00f1era de la Facultad y estuvieron charlando un rato. En su declaraci\u00f3n, la chica lo recuerda contento, animado, iba comiendo una barrita de cereal.<br \/>\nEntr\u00f3 en la Facultad \u2013hay c\u00e1maras que registraron ese ingreso- y estuvo en la biblioteca, desde donde volvi\u00f3 a tener contacto con su padre. A las 16.20 fue la \u00faltima comunicaci\u00f3n con \u00e9l.<br \/>\n\u201cMe hizo una captura de pantalla dici\u00e9ndome que le quedaba el 3% de bater\u00eda. Yo pens\u00e9 que se tomaba el micro de las 20 y a las 5 de la ma\u00f1ana est\u00e1 ac\u00e1\u201d, narr\u00f3 su pap\u00e1, Alberto, quien es carpintero.<br \/>\n\u201cCuando no lleg\u00f3 me agarr\u00f3 la desesperaci\u00f3n. Llam\u00e9, no contestaba y esa misma tarde ya sal\u00ed para La Plata\u201d, record\u00f3.<br \/>\nDesde entonces, la nada. No hay ninguna pista de lo que pudo haber pasado con Mariano tras la salida de la Facultad. Lo \u00fanico que se sabe es que no se present\u00f3 a rendir el final.<\/p>\n<p>Denuncia<br \/>\nAlberto radic\u00f3 la denuncia en La Plata y desde entonces, intervinieron tanto la DDI de Coronel Su\u00e1rez como la DDI de La Plata. La semana pasada, a tres meses de la desaparici\u00f3n, circul\u00f3 la versi\u00f3n de que se hab\u00eda detenido la b\u00fasqueda, porque ya se hab\u00edan llevado a cabo todos los pasos que indica el protocolo en estos casos.<br \/>\nSin embargo, a Alberto, quien estuvo en contacto con legisladores provinciales, le dijeron que la investigaci\u00f3n seguir\u00e1 en pie y cobrar\u00e1 mayor impulso.<br \/>\nEl hombre, quien est\u00e1 desahuciado y totalmente desorientado y confuso, escribi\u00f3 una carta a la gobernadora Mar\u00eda Eugenia Vidal, que ella recibi\u00f3 hace poco m\u00e1s de una semana de manos del intendente de Coronel Su\u00e1rez, Roberto Palacio.<br \/>\nLa familia debe renovar cada d\u00eda la esperanza, pero el paso del tiempo y la incertidumbre lo ponen todo m\u00e1s dif\u00edcil.<br \/>\n\u201cLa DDI de Su\u00e1rez estuvo trabajando un mes en la Plata pero, como no es su jurisdicci\u00f3n, los desplazaron. Ah\u00ed me agarr\u00f3 la desesperaci\u00f3n porque yo dije \u00bfQui\u00e9n busca ahora?\u201d, cont\u00f3 su pap\u00e1.<\/p>\n<p>fuente:www.lanueva.com<\/p>\n","protected":false},"excerpt":{"rendered":"<div class=\"mh-excerpt\"><p>&nbsp; El joven suarense desapareci\u00f3 en diciembre pasado en La Plata, cuando viaj\u00f3 a rendir un examen de la universidad. Lo \u00fanico que se sabe es que no se present\u00f3 a rendir el final. Estudiaba las carreras de Econom\u00eda y Periodismo. \u00bfC\u00f3mo puede un hijo desaparecer de la faz de la tierra sin dejar rastro, de un d\u00eda para otro, simplemente esfumarse? \u00bfC\u00f3mo pod\u00eda el padre de Mariano Gonz\u00e1lez Schwindt, cuando lo abraz\u00f3 en la terminal de \u00f3mnibus de Coronel Su\u00e1rez el pasado 5 de diciembre, saber que no volver\u00eda a verlo ni a escuchar su voz, como m\u00ednimo, por <a class=\"mh-excerpt-more\" href=\"http:\/\/dsrmedios.com.ar\/diario\/archivos\/4973\" title=\"La desaparici\u00f3n de un joven estudiante suarense que contin\u00faa sin respuesta\">[Leer m\u00e1s]<\/a><\/p>\n<\/div>","protected":false},"author":5,"featured_media":4974,"comment_status":"open","ping_status":"closed","sticky":false,"template":"","format":"standard","meta":{"_jetpack_newsletter_access":""},"categories":[18,8],"tags":[],"jetpack_featured_media_url":"http:\/\/dsrmedios.com.ar\/diario\/wp-content\/uploads\/2018\/03\/jovendesa.jpg","jetpack_sharing_enabled":true,"jetpack_shortlink":"https:\/\/wp.me\/p9fihK-1id","_links":{"self":[{"href":"http:\/\/dsrmedios.com.ar\/diario\/wp-json\/wp\/v2\/posts\/4973"}],"collection":[{"href":"http:\/\/dsrmedios.com.ar\/diario\/wp-json\/wp\/v2\/posts"}],"about":[{"href":"http:\/\/dsrmedios.com.ar\/diario\/wp-json\/wp\/v2\/types\/post"}],"author":[{"embeddable":true,"href":"http:\/\/dsrmedios.com.ar\/diario\/wp-json\/wp\/v2\/users\/5"}],"replies":[{"embeddable":true,"href":"http:\/\/dsrmedios.com.ar\/diario\/wp-json\/wp\/v2\/comments?post=4973"}],"version-history":[{"count":1,"href":"http:\/\/dsrmedios.com.ar\/diario\/wp-json\/wp\/v2\/posts\/4973\/revisions"}],"predecessor-version":[{"id":4975,"href":"http:\/\/dsrmedios.com.ar\/diario\/wp-json\/wp\/v2\/posts\/4973\/revisions\/4975"}],"wp:featuredmedia":[{"embeddable":true,"href":"http:\/\/dsrmedios.com.ar\/diario\/wp-json\/wp\/v2\/media\/4974"}],"wp:attachment":[{"href":"http:\/\/dsrmedios.com.ar\/diario\/wp-json\/wp\/v2\/media?parent=4973"}],"wp:term":[{"taxonomy":"category","embeddable":true,"href":"http:\/\/dsrmedios.com.ar\/diario\/wp-json\/wp\/v2\/categories?post=4973"},{"taxonomy":"post_tag","embeddable":true,"href":"http:\/\/dsrmedios.com.ar\/diario\/wp-json\/wp\/v2\/tags?post=4973"}],"curies":[{"name":"wp","href":"https:\/\/api.w.org\/{rel}","templated":true}]}}