{"id":4950,"date":"2018-03-26T07:04:16","date_gmt":"2018-03-26T10:04:16","guid":{"rendered":"http:\/\/dsrmedios.com.ar\/diario\/?p=4950"},"modified":"2018-03-25T10:36:51","modified_gmt":"2018-03-25T13:36:51","slug":"homenajearan-hoy-a-nuestros-soldados-heroes-caidos-en-la-guerra-del-atlantico-sur","status":"publish","type":"post","link":"http:\/\/dsrmedios.com.ar\/diario\/archivos\/4950","title":{"rendered":"Homenajear\u00e1n hoy a nuestros soldados H\u00e9roes ca\u00eddos en la Guerra del Atl\u00e1ntico Sur"},"content":{"rendered":"<p><strong>Hoy lunes 26 de marzo ser\u00e1 el acto de reconocimiento de 90 cuerpos que hasta el momento estaban enterrados sin identificaci\u00f3n en el cementerio de Darwin.<\/strong><\/p>\n<p>Luego de estar d\u00e9cadas enterrados sin un nombre, se intentar\u00e1 reconocer los 90 cuerpos que se encuentran en el cementerio de Darwin, en las Islas Malvinas. Los familiares de los soldados viajar\u00e1n para un homenaje.<\/p>\n<p>Unas 240 personas ser\u00e1n parte de la comitiva que encabezar\u00e1 el homenaje a los combatientes argentinos muertos durante el conflicto b\u00e9lico en el Atl\u00e1ntico Sur, confirm\u00f3 este domingo el secretario de Derechos Humanos, Claudio Avruj.<\/p>\n<p>\u201cSe trata de un viaje de car\u00e1cter humanitario. En Darwin habr\u00e1 un acto con mucha emoci\u00f3n, que incluir\u00e1 un oficio religioso, el descubrimiento de las tumbas con sus respectivos nombres y un homenaje militar\u201d, agreg\u00f3 Avruj sobre el tema.<\/p>\n","protected":false},"excerpt":{"rendered":"<div class=\"mh-excerpt\"><p>Hoy lunes 26 de marzo ser\u00e1 el acto de reconocimiento de 90 cuerpos que hasta el momento estaban enterrados sin identificaci\u00f3n en el cementerio de Darwin. Luego de estar d\u00e9cadas enterrados sin un nombre, se intentar\u00e1 reconocer los 90 cuerpos que se encuentran en el cementerio de Darwin, en las Islas Malvinas. Los familiares de los soldados viajar\u00e1n para un homenaje. Unas 240 personas ser\u00e1n parte de la comitiva que encabezar\u00e1 el homenaje a los combatientes argentinos muertos durante el conflicto b\u00e9lico en el Atl\u00e1ntico Sur, confirm\u00f3 este domingo el secretario de Derechos Humanos, Claudio Avruj. \u201cSe trata de un <a class=\"mh-excerpt-more\" href=\"http:\/\/dsrmedios.com.ar\/diario\/archivos\/4950\" title=\"Homenajear\u00e1n hoy a nuestros soldados H\u00e9roes ca\u00eddos en la Guerra del Atl\u00e1ntico Sur\">[Leer m\u00e1s]<\/a><\/p>\n<\/div>","protected":false},"author":5,"featured_media":4951,"comment_status":"open","ping_status":"closed","sticky":false,"template":"","format":"standard","meta":{"_jetpack_newsletter_access":""},"categories":[18,6],"tags":[],"jetpack_featured_media_url":"http:\/\/dsrmedios.com.ar\/diario\/wp-content\/uploads\/2018\/03\/by4rwo9hqx_720x0.jpg","jetpack_sharing_enabled":true,"jetpack_shortlink":"https:\/\/wp.me\/p9fihK-1hQ","_links":{"self":[{"href":"http:\/\/dsrmedios.com.ar\/diario\/wp-json\/wp\/v2\/posts\/4950"}],"collection":[{"href":"http:\/\/dsrmedios.com.ar\/diario\/wp-json\/wp\/v2\/posts"}],"about":[{"href":"http:\/\/dsrmedios.com.ar\/diario\/wp-json\/wp\/v2\/types\/post"}],"author":[{"embeddable":true,"href":"http:\/\/dsrmedios.com.ar\/diario\/wp-json\/wp\/v2\/users\/5"}],"replies":[{"embeddable":true,"href":"http:\/\/dsrmedios.com.ar\/diario\/wp-json\/wp\/v2\/comments?post=4950"}],"version-history":[{"count":1,"href":"http:\/\/dsrmedios.com.ar\/diario\/wp-json\/wp\/v2\/posts\/4950\/revisions"}],"predecessor-version":[{"id":4952,"href":"http:\/\/dsrmedios.com.ar\/diario\/wp-json\/wp\/v2\/posts\/4950\/revisions\/4952"}],"wp:featuredmedia":[{"embeddable":true,"href":"http:\/\/dsrmedios.com.ar\/diario\/wp-json\/wp\/v2\/media\/4951"}],"wp:attachment":[{"href":"http:\/\/dsrmedios.com.ar\/diario\/wp-json\/wp\/v2\/media?parent=4950"}],"wp:term":[{"taxonomy":"category","embeddable":true,"href":"http:\/\/dsrmedios.com.ar\/diario\/wp-json\/wp\/v2\/categories?post=4950"},{"taxonomy":"post_tag","embeddable":true,"href":"http:\/\/dsrmedios.com.ar\/diario\/wp-json\/wp\/v2\/tags?post=4950"}],"curies":[{"name":"wp","href":"https:\/\/api.w.org\/{rel}","templated":true}]}}