{"id":4944,"date":"2018-03-25T10:29:51","date_gmt":"2018-03-25T13:29:51","guid":{"rendered":"http:\/\/dsrmedios.com.ar\/diario\/?p=4944"},"modified":"2018-03-25T10:29:51","modified_gmt":"2018-03-25T13:29:51","slug":"el-presidente-macri-pidio-unidad-a-los-argentinos-para-que-nunca-mas-haya-violencia-y-terrorismo-de-estado","status":"publish","type":"post","link":"http:\/\/dsrmedios.com.ar\/diario\/archivos\/4944","title":{"rendered":"EL Presidente Macri pidi\u00f3 unidad a los Argentinos para que nunca m\u00e1s haya violencia y terrorismo de estado"},"content":{"rendered":"<p>En el D\u00eda de la Memoria, la Verdad y la Justicia, el presidente Mauricio Macri pidi\u00f3 desde Mendoza &#8220;unidad&#8221; a los argentinos y sostuvo que es un d\u00eda para &#8220;unirse y decir \u00b4Nunca m\u00e1s\u00b4 a la violencia y el terrorismo de Estado&#8221;.<\/p>\n<p>&#8220;Un d\u00eda como hoy, hace 42 a\u00f1os, se produc\u00eda el comienzo de la dictadura militar. Por eso es importante unirnos en esta fecha&#8221;, sostuvo el mandatario al inaugurar la 59 Asamblea del BID.<\/p>\n<p>El jefe de Estado aprovech\u00f3 as\u00ed la apertura de ese c\u00f3nclave internacional para condenar el golpe de Estado ocurrido el 24 de marzo de 1976. &#8220;Es un d\u00eda para unirnos y volver a decirnos todos juntos \u00b4Nunca m\u00e1s\u00b4 a la violaci\u00f3n de los derechos humanos, a la violencia y el terrorismo de Estado&#8221;, afirm\u00f3 Macri.<\/p>\n<p>Buenos Aires\/NA<\/p>\n","protected":false},"excerpt":{"rendered":"<div class=\"mh-excerpt\"><p>En el D\u00eda de la Memoria, la Verdad y la Justicia, el presidente Mauricio Macri pidi\u00f3 desde Mendoza &#8220;unidad&#8221; a los argentinos y sostuvo que es un d\u00eda para &#8220;unirse y decir \u00b4Nunca m\u00e1s\u00b4 a la violencia y el terrorismo de Estado&#8221;. &#8220;Un d\u00eda como hoy, hace 42 a\u00f1os, se produc\u00eda el comienzo de la dictadura militar. Por eso es importante unirnos en esta fecha&#8221;, sostuvo el mandatario al inaugurar la 59 Asamblea del BID. El jefe de Estado aprovech\u00f3 as\u00ed la apertura de ese c\u00f3nclave internacional para condenar el golpe de Estado ocurrido el 24 de marzo de 1976. <a class=\"mh-excerpt-more\" href=\"http:\/\/dsrmedios.com.ar\/diario\/archivos\/4944\" title=\"EL Presidente Macri pidi\u00f3 unidad a los Argentinos para que nunca m\u00e1s haya violencia y terrorismo de estado\">[Leer m\u00e1s]<\/a><\/p>\n<\/div>","protected":false},"author":5,"featured_media":4948,"comment_status":"open","ping_status":"closed","sticky":false,"template":"","format":"standard","meta":{"_jetpack_newsletter_access":""},"categories":[18,6],"tags":[],"jetpack_featured_media_url":"http:\/\/dsrmedios.com.ar\/diario\/wp-content\/uploads\/2018\/03\/macri-presidente.jpg","jetpack_sharing_enabled":true,"jetpack_shortlink":"https:\/\/wp.me\/p9fihK-1hK","_links":{"self":[{"href":"http:\/\/dsrmedios.com.ar\/diario\/wp-json\/wp\/v2\/posts\/4944"}],"collection":[{"href":"http:\/\/dsrmedios.com.ar\/diario\/wp-json\/wp\/v2\/posts"}],"about":[{"href":"http:\/\/dsrmedios.com.ar\/diario\/wp-json\/wp\/v2\/types\/post"}],"author":[{"embeddable":true,"href":"http:\/\/dsrmedios.com.ar\/diario\/wp-json\/wp\/v2\/users\/5"}],"replies":[{"embeddable":true,"href":"http:\/\/dsrmedios.com.ar\/diario\/wp-json\/wp\/v2\/comments?post=4944"}],"version-history":[{"count":1,"href":"http:\/\/dsrmedios.com.ar\/diario\/wp-json\/wp\/v2\/posts\/4944\/revisions"}],"predecessor-version":[{"id":4949,"href":"http:\/\/dsrmedios.com.ar\/diario\/wp-json\/wp\/v2\/posts\/4944\/revisions\/4949"}],"wp:featuredmedia":[{"embeddable":true,"href":"http:\/\/dsrmedios.com.ar\/diario\/wp-json\/wp\/v2\/media\/4948"}],"wp:attachment":[{"href":"http:\/\/dsrmedios.com.ar\/diario\/wp-json\/wp\/v2\/media?parent=4944"}],"wp:term":[{"taxonomy":"category","embeddable":true,"href":"http:\/\/dsrmedios.com.ar\/diario\/wp-json\/wp\/v2\/categories?post=4944"},{"taxonomy":"post_tag","embeddable":true,"href":"http:\/\/dsrmedios.com.ar\/diario\/wp-json\/wp\/v2\/tags?post=4944"}],"curies":[{"name":"wp","href":"https:\/\/api.w.org\/{rel}","templated":true}]}}