{"id":4943,"date":"2018-03-25T10:28:29","date_gmt":"2018-03-25T13:28:29","guid":{"rendered":"http:\/\/dsrmedios.com.ar\/diario\/?p=4943"},"modified":"2018-03-25T10:28:29","modified_gmt":"2018-03-25T13:28:29","slug":"masivo-acto-por-el-dia-de-la-memoria-con-duras-criticas-al-gobierno-nacional","status":"publish","type":"post","link":"http:\/\/dsrmedios.com.ar\/diario\/archivos\/4943","title":{"rendered":"Masivo acto por el D\u00eda de la Memoria con duras cr\u00edticas al Gobierno Nacional"},"content":{"rendered":"<p>Organizaciones pol\u00edticas y de derechos humanos encabezaron este s\u00e1bado en Plaza de Mayo el acto central por el D\u00eda Nacional de la Memoria por la Verdad y la Justicia a 42 a\u00f1os del \u00faltimo golpe de Estado y advirtieron &#8220;al Gobierno&#8221; que &#8220;no&#8221; permitir\u00e1n &#8220;ni un genocida suelto&#8221;.<\/p>\n<p>&#8220;Le reiteramos al Gobierno que no permitiremos ni un retroceso en memoria verdad y justicia&#8221;, expresaron Abuelas de Plaza de Mayo, Madres de Plaza de Mayo L\u00ednea Fundadora y la agrupaci\u00f3n HIJOS, entre otras agrupaciones de derechos humanos que confeccionaron el documento que se ley\u00f3 en Plaza de Mayo.<\/p>\n<p>El acto central tuvo una concurrencia masiva de manifestantes independientes y militantes de diversas agrupaciones pol\u00edticas que adhirieron al documento en el que se areng\u00f3 por la continuidad de la identificaci\u00f3n de nietos desaparecidos y se expresaron varias cr\u00edticas al Gobierno, al que responsabilizaron nuevamente por el caso de Santiago Maldonado.<\/p>\n<p>Las organizaciones tambi\u00e9n denunciaron la falta de constituci\u00f3n de tribunales para juicios de lesa humanidad y reclamaron &#8220;celeridad en estos procesos que fueron un ejemplo en el mundo&#8221;, al tiempo que rechazaron el &#8220;negacionismo&#8221; y remarcaron que fueron 30 mil los desaparecidos por el terrorismo de Estado.<\/p>\n<p>Uno de los puntos centrales del documento fue el beneficio de la prisi\u00f3n domiciliaria que se otorg\u00f3 a algunos condenados por delitos de lesa humanidad y que est\u00e1 en evaluaci\u00f3n para otros, como el ex capit\u00e1n de fragata Alfredo Atiz, condenado por diversos cr\u00edmenes de lesa humanidad.<\/p>\n<p>Al respecto, las entidades que encabezaron el acto se\u00f1alaron que &#8220;esos que hoy caminan por las calles o est\u00e1n en sus casas con el beneficio de la domiciliaria, 42 a\u00f1os atr\u00e1s encabezaron una dictadura genocida que masacr\u00f3 a una generaci\u00f3n&#8221; que fue &#8220;culpable de un plan sistem\u00e1tico de exterminio&#8221;.<\/p>\n<p>Fuente:www.noticiasargentinas.com<\/p>\n","protected":false},"excerpt":{"rendered":"<div class=\"mh-excerpt\"><p>Organizaciones pol\u00edticas y de derechos humanos encabezaron este s\u00e1bado en Plaza de Mayo el acto central por el D\u00eda Nacional de la Memoria por la Verdad y la Justicia a 42 a\u00f1os del \u00faltimo golpe de Estado y advirtieron &#8220;al Gobierno&#8221; que &#8220;no&#8221; permitir\u00e1n &#8220;ni un genocida suelto&#8221;. &#8220;Le reiteramos al Gobierno que no permitiremos ni un retroceso en memoria verdad y justicia&#8221;, expresaron Abuelas de Plaza de Mayo, Madres de Plaza de Mayo L\u00ednea Fundadora y la agrupaci\u00f3n HIJOS, entre otras agrupaciones de derechos humanos que confeccionaron el documento que se ley\u00f3 en Plaza de Mayo. El acto central <a class=\"mh-excerpt-more\" href=\"http:\/\/dsrmedios.com.ar\/diario\/archivos\/4943\" title=\"Masivo acto por el D\u00eda de la Memoria con duras cr\u00edticas al Gobierno Nacional\">[Leer m\u00e1s]<\/a><\/p>\n<\/div>","protected":false},"author":5,"featured_media":4946,"comment_status":"open","ping_status":"closed","sticky":false,"template":"","format":"standard","meta":{"_jetpack_newsletter_access":""},"categories":[18,6],"tags":[],"jetpack_featured_media_url":"http:\/\/dsrmedios.com.ar\/diario\/wp-content\/uploads\/2018\/03\/plazademayo.jpg","jetpack_sharing_enabled":true,"jetpack_shortlink":"https:\/\/wp.me\/p9fihK-1hJ","_links":{"self":[{"href":"http:\/\/dsrmedios.com.ar\/diario\/wp-json\/wp\/v2\/posts\/4943"}],"collection":[{"href":"http:\/\/dsrmedios.com.ar\/diario\/wp-json\/wp\/v2\/posts"}],"about":[{"href":"http:\/\/dsrmedios.com.ar\/diario\/wp-json\/wp\/v2\/types\/post"}],"author":[{"embeddable":true,"href":"http:\/\/dsrmedios.com.ar\/diario\/wp-json\/wp\/v2\/users\/5"}],"replies":[{"embeddable":true,"href":"http:\/\/dsrmedios.com.ar\/diario\/wp-json\/wp\/v2\/comments?post=4943"}],"version-history":[{"count":1,"href":"http:\/\/dsrmedios.com.ar\/diario\/wp-json\/wp\/v2\/posts\/4943\/revisions"}],"predecessor-version":[{"id":4947,"href":"http:\/\/dsrmedios.com.ar\/diario\/wp-json\/wp\/v2\/posts\/4943\/revisions\/4947"}],"wp:featuredmedia":[{"embeddable":true,"href":"http:\/\/dsrmedios.com.ar\/diario\/wp-json\/wp\/v2\/media\/4946"}],"wp:attachment":[{"href":"http:\/\/dsrmedios.com.ar\/diario\/wp-json\/wp\/v2\/media?parent=4943"}],"wp:term":[{"taxonomy":"category","embeddable":true,"href":"http:\/\/dsrmedios.com.ar\/diario\/wp-json\/wp\/v2\/categories?post=4943"},{"taxonomy":"post_tag","embeddable":true,"href":"http:\/\/dsrmedios.com.ar\/diario\/wp-json\/wp\/v2\/tags?post=4943"}],"curies":[{"name":"wp","href":"https:\/\/api.w.org\/{rel}","templated":true}]}}