{"id":4919,"date":"2018-03-26T07:01:41","date_gmt":"2018-03-26T10:01:41","guid":{"rendered":"http:\/\/dsrmedios.com.ar\/diario\/?p=4919"},"modified":"2018-03-24T20:42:03","modified_gmt":"2018-03-24T23:42:03","slug":"no-se-modificara-el-trazado-de-la-ruta-nacional-33-con-la-nueva-obra-en-marcha","status":"publish","type":"post","link":"http:\/\/dsrmedios.com.ar\/diario\/archivos\/4919","title":{"rendered":"No se modificar\u00e1 el trazado de la ruta nacional 33 con la nueva obra en marcha"},"content":{"rendered":"<p>Lo confirm\u00f3 el Administrador General de Vialidad Nacional Javier Iguacel quien dijo que la nueva ruta no cambiar\u00e1 su recorrido en su paso por Pig\u00fc\u00e9. Desde el kil\u00f3metro 42 se ensanchar\u00e1 la calzada y se pavimentar\u00e1n las banquinas de manera que con banquina incluida puedan circular \u2013 en caso de emergencia &#8211; tres veh\u00edculos paralelos y se har\u00e1n mejoras con colectoras.<\/p>\n<p>Adem\u00e1s, Iguacel detall\u00f3 c\u00f3mo ser\u00e1 la nueva ruta 33 desde Bahia Blanca hasta Trenque Lauquen.\u201d Desde Bah\u00eda Blanca hasta el kil\u00f3metro 42 ser\u00e1 autopista\u201d, asegur\u00f3 el funcionario de Vialidad Nacional.<\/p>\n<p>Con respecto al plazo de obra, el Administrador de Vialidad Nacional asegur\u00f3 que es de 2 a\u00f1os y asever\u00f3 que la demora de estos trabajos tuvo que ver con las mafias de la UOCRA y la falta de decisi\u00f3n pol\u00edtica del Gobierno anterior.<\/p>\n<p>fuente:www.semreflejos.com<\/p>\n","protected":false},"excerpt":{"rendered":"<div class=\"mh-excerpt\"><p>Lo confirm\u00f3 el Administrador General de Vialidad Nacional Javier Iguacel quien dijo que la nueva ruta no cambiar\u00e1 su recorrido en su paso por Pig\u00fc\u00e9. Desde el kil\u00f3metro 42 se ensanchar\u00e1 la calzada y se pavimentar\u00e1n las banquinas de manera que con banquina incluida puedan circular \u2013 en caso de emergencia &#8211; tres veh\u00edculos paralelos y se har\u00e1n mejoras con colectoras. Adem\u00e1s, Iguacel detall\u00f3 c\u00f3mo ser\u00e1 la nueva ruta 33 desde Bahia Blanca hasta Trenque Lauquen.\u201d Desde Bah\u00eda Blanca hasta el kil\u00f3metro 42 ser\u00e1 autopista\u201d, asegur\u00f3 el funcionario de Vialidad Nacional. Con respecto al plazo de obra, el Administrador de <a class=\"mh-excerpt-more\" href=\"http:\/\/dsrmedios.com.ar\/diario\/archivos\/4919\" title=\"No se modificar\u00e1 el trazado de la ruta nacional 33 con la nueva obra en marcha\">[Leer m\u00e1s]<\/a><\/p>\n<\/div>","protected":false},"author":5,"featured_media":4920,"comment_status":"open","ping_status":"closed","sticky":false,"template":"","format":"standard","meta":{"_jetpack_newsletter_access":""},"categories":[18,8],"tags":[],"jetpack_featured_media_url":"http:\/\/dsrmedios.com.ar\/diario\/wp-content\/uploads\/2018\/03\/r33.jpg","jetpack_sharing_enabled":true,"jetpack_shortlink":"https:\/\/wp.me\/p9fihK-1hl","_links":{"self":[{"href":"http:\/\/dsrmedios.com.ar\/diario\/wp-json\/wp\/v2\/posts\/4919"}],"collection":[{"href":"http:\/\/dsrmedios.com.ar\/diario\/wp-json\/wp\/v2\/posts"}],"about":[{"href":"http:\/\/dsrmedios.com.ar\/diario\/wp-json\/wp\/v2\/types\/post"}],"author":[{"embeddable":true,"href":"http:\/\/dsrmedios.com.ar\/diario\/wp-json\/wp\/v2\/users\/5"}],"replies":[{"embeddable":true,"href":"http:\/\/dsrmedios.com.ar\/diario\/wp-json\/wp\/v2\/comments?post=4919"}],"version-history":[{"count":1,"href":"http:\/\/dsrmedios.com.ar\/diario\/wp-json\/wp\/v2\/posts\/4919\/revisions"}],"predecessor-version":[{"id":4921,"href":"http:\/\/dsrmedios.com.ar\/diario\/wp-json\/wp\/v2\/posts\/4919\/revisions\/4921"}],"wp:featuredmedia":[{"embeddable":true,"href":"http:\/\/dsrmedios.com.ar\/diario\/wp-json\/wp\/v2\/media\/4920"}],"wp:attachment":[{"href":"http:\/\/dsrmedios.com.ar\/diario\/wp-json\/wp\/v2\/media?parent=4919"}],"wp:term":[{"taxonomy":"category","embeddable":true,"href":"http:\/\/dsrmedios.com.ar\/diario\/wp-json\/wp\/v2\/categories?post=4919"},{"taxonomy":"post_tag","embeddable":true,"href":"http:\/\/dsrmedios.com.ar\/diario\/wp-json\/wp\/v2\/tags?post=4919"}],"curies":[{"name":"wp","href":"https:\/\/api.w.org\/{rel}","templated":true}]}}