{"id":4911,"date":"2018-03-24T07:06:50","date_gmt":"2018-03-24T10:06:50","guid":{"rendered":"http:\/\/dsrmedios.com.ar\/diario\/?p=4911"},"modified":"2018-03-25T10:17:41","modified_gmt":"2018-03-25T13:17:41","slug":"en-rivera-inauguraran-un-monumento-de-homenaje-a-los-heroes-caidos-en-la-guerra-por-la-recuperacion-de-las-islas-malvinas","status":"publish","type":"post","link":"http:\/\/dsrmedios.com.ar\/diario\/archivos\/4911","title":{"rendered":"En Rivera inaugurar\u00e1n un monumento de homenaje a los H\u00e9roes ca\u00eddos en la guerra por la recuperaci\u00f3n de las Islas Malvinas"},"content":{"rendered":"<p>Con un acto oficial que contar\u00e1 con la presencia del Intendente Municipal de Adolfo Alsina, David Hirtz,\u00a0ser\u00e1 conmemorado un nuevo aniversario del &#8220;D\u00eda del Veterano y los Ca\u00eddos de la Guerra de Malvinas &#8220;. En la oportunidad se inaugurar\u00e1 el monumento en homenaje a los H\u00e9roes ca\u00eddos en Malvinas. Dicho acto se llevar\u00e1 a cabo el d\u00eda 2 de Abril a las 10 hs. en Avenida San Mart\u00edn y Ant\u00e1rtida (frente a Plaza Sarmiento). Tambi\u00e9n har\u00e1n uso de la palabra ex combatientes de la Guerra del Atl\u00e1ntico Sur y se colocar\u00e1n ofrendas florales.<\/p>\n<p>&nbsp;<\/p>\n","protected":false},"excerpt":{"rendered":"<div class=\"mh-excerpt\"><p>Con un acto oficial que contar\u00e1 con la presencia del Intendente Municipal de Adolfo Alsina, David Hirtz,\u00a0ser\u00e1 conmemorado un nuevo aniversario del &#8220;D\u00eda del Veterano y los Ca\u00eddos de la Guerra de Malvinas &#8220;. En la oportunidad se inaugurar\u00e1 el monumento en homenaje a los H\u00e9roes ca\u00eddos en Malvinas. Dicho acto se llevar\u00e1 a cabo el d\u00eda 2 de Abril a las 10 hs. en Avenida San Mart\u00edn y Ant\u00e1rtida (frente a Plaza Sarmiento). Tambi\u00e9n har\u00e1n uso de la palabra ex combatientes de la Guerra del Atl\u00e1ntico Sur y se colocar\u00e1n ofrendas florales. &nbsp;<\/p>\n<\/div>","protected":false},"author":5,"featured_media":4912,"comment_status":"open","ping_status":"closed","sticky":false,"template":"","format":"standard","meta":{"_jetpack_newsletter_access":""},"categories":[18,8],"tags":[],"jetpack_featured_media_url":"http:\/\/dsrmedios.com.ar\/diario\/wp-content\/uploads\/2018\/03\/malvinasrivera.jpg","jetpack_sharing_enabled":true,"jetpack_shortlink":"https:\/\/wp.me\/p9fihK-1hd","_links":{"self":[{"href":"http:\/\/dsrmedios.com.ar\/diario\/wp-json\/wp\/v2\/posts\/4911"}],"collection":[{"href":"http:\/\/dsrmedios.com.ar\/diario\/wp-json\/wp\/v2\/posts"}],"about":[{"href":"http:\/\/dsrmedios.com.ar\/diario\/wp-json\/wp\/v2\/types\/post"}],"author":[{"embeddable":true,"href":"http:\/\/dsrmedios.com.ar\/diario\/wp-json\/wp\/v2\/users\/5"}],"replies":[{"embeddable":true,"href":"http:\/\/dsrmedios.com.ar\/diario\/wp-json\/wp\/v2\/comments?post=4911"}],"version-history":[{"count":1,"href":"http:\/\/dsrmedios.com.ar\/diario\/wp-json\/wp\/v2\/posts\/4911\/revisions"}],"predecessor-version":[{"id":4913,"href":"http:\/\/dsrmedios.com.ar\/diario\/wp-json\/wp\/v2\/posts\/4911\/revisions\/4913"}],"wp:featuredmedia":[{"embeddable":true,"href":"http:\/\/dsrmedios.com.ar\/diario\/wp-json\/wp\/v2\/media\/4912"}],"wp:attachment":[{"href":"http:\/\/dsrmedios.com.ar\/diario\/wp-json\/wp\/v2\/media?parent=4911"}],"wp:term":[{"taxonomy":"category","embeddable":true,"href":"http:\/\/dsrmedios.com.ar\/diario\/wp-json\/wp\/v2\/categories?post=4911"},{"taxonomy":"post_tag","embeddable":true,"href":"http:\/\/dsrmedios.com.ar\/diario\/wp-json\/wp\/v2\/tags?post=4911"}],"curies":[{"name":"wp","href":"https:\/\/api.w.org\/{rel}","templated":true}]}}