{"id":4891,"date":"2018-03-23T08:54:39","date_gmt":"2018-03-23T11:54:39","guid":{"rendered":"http:\/\/dsrmedios.com.ar\/diario\/?p=4891"},"modified":"2018-03-23T08:54:39","modified_gmt":"2018-03-23T11:54:39","slug":"la-gobernadora-visito-ayer-los-distritos-de-suarez-pringles-y-benito-juarez-en-la-sexta","status":"publish","type":"post","link":"http:\/\/dsrmedios.com.ar\/diario\/archivos\/4891","title":{"rendered":"La Gobernadora visito ayer los distritos de Su\u00e1rez, Pringles y Benito Juarez en la Sexta"},"content":{"rendered":"<p>La gobernadora Mar\u00eda Eugenia Vidal recorri\u00f3 este jueves los partidos de Coronel Su\u00e1rez, Coronel Pringles y Benito Ju\u00e1rez, en su habitual visita semanal a los distintos distritos bonaerenses, se inform\u00f3 oficialmente.<\/p>\n<p>En Coronel Su\u00e1rez, Vidal asisti\u00f3 a una planta de reciclado municipal junto al ministro de Gobierno, Joaqu\u00edn de la Torre, y el intendente local, Roberto Palacio.<\/p>\n<p>&#8220;Estoy muy contenta de ver otra planta m\u00e1s de reciclado que se pone en marcha, gracias a un trabajo de equipo entre el intendente y el gobierno de la Provincia, que puso los fondos. Todo lo que pasa por esta planta vuelve a la comunidad, con cada residuo que podemos reciclar ayudamos a mejorar el medio ambiente&#8221;, sostuvo la gobernadora.<\/p>\n<p>A\u00f1adi\u00f3 que &#8220;toda la comunidad est\u00e1 comprometida en poner los residuos reciclables en los contenedores, y esto nos ayuda a tener un mejor futuro para nosotros, para nuestros hijos y adem\u00e1s le damos trabajo a mucha gente en condiciones muy dignas&#8221;.<\/p>\n<p>Luego, en Coronel Pringles, Vidal inaugur\u00f3 la obra de repavimentaci\u00f3n, ensanche y puesta en valor del Boulevard 40, junto al intendente local, Carlos Berterret, un emprendimiento que era reclamado por los vecinos desde hac\u00eda veinte a\u00f1os y que finaliz\u00f3 en enero pasado con una inversi\u00f3n de 44 millones de pesos.<\/p>\n<p>Finalmente, en Benito Ju\u00e1rez, la gobernadora estuvo junto al intendente local, Julio Marini.<\/p>\n<p>fuente:www.aninoticias.com<\/p>\n","protected":false},"excerpt":{"rendered":"<div class=\"mh-excerpt\"><p>La gobernadora Mar\u00eda Eugenia Vidal recorri\u00f3 este jueves los partidos de Coronel Su\u00e1rez, Coronel Pringles y Benito Ju\u00e1rez, en su habitual visita semanal a los distintos distritos bonaerenses, se inform\u00f3 oficialmente. En Coronel Su\u00e1rez, Vidal asisti\u00f3 a una planta de reciclado municipal junto al ministro de Gobierno, Joaqu\u00edn de la Torre, y el intendente local, Roberto Palacio. &#8220;Estoy muy contenta de ver otra planta m\u00e1s de reciclado que se pone en marcha, gracias a un trabajo de equipo entre el intendente y el gobierno de la Provincia, que puso los fondos. Todo lo que pasa por esta planta vuelve a <a class=\"mh-excerpt-more\" href=\"http:\/\/dsrmedios.com.ar\/diario\/archivos\/4891\" title=\"La Gobernadora visito ayer los distritos de Su\u00e1rez, Pringles y Benito Juarez en la Sexta\">[Leer m\u00e1s]<\/a><\/p>\n<\/div>","protected":false},"author":5,"featured_media":4892,"comment_status":"open","ping_status":"closed","sticky":false,"template":"","format":"standard","meta":{"_jetpack_newsletter_access":""},"categories":[18,8],"tags":[],"jetpack_featured_media_url":"http:\/\/dsrmedios.com.ar\/diario\/wp-content\/uploads\/2018\/03\/vidal_suarez.jpg","jetpack_sharing_enabled":true,"jetpack_shortlink":"https:\/\/wp.me\/p9fihK-1gT","_links":{"self":[{"href":"http:\/\/dsrmedios.com.ar\/diario\/wp-json\/wp\/v2\/posts\/4891"}],"collection":[{"href":"http:\/\/dsrmedios.com.ar\/diario\/wp-json\/wp\/v2\/posts"}],"about":[{"href":"http:\/\/dsrmedios.com.ar\/diario\/wp-json\/wp\/v2\/types\/post"}],"author":[{"embeddable":true,"href":"http:\/\/dsrmedios.com.ar\/diario\/wp-json\/wp\/v2\/users\/5"}],"replies":[{"embeddable":true,"href":"http:\/\/dsrmedios.com.ar\/diario\/wp-json\/wp\/v2\/comments?post=4891"}],"version-history":[{"count":1,"href":"http:\/\/dsrmedios.com.ar\/diario\/wp-json\/wp\/v2\/posts\/4891\/revisions"}],"predecessor-version":[{"id":4893,"href":"http:\/\/dsrmedios.com.ar\/diario\/wp-json\/wp\/v2\/posts\/4891\/revisions\/4893"}],"wp:featuredmedia":[{"embeddable":true,"href":"http:\/\/dsrmedios.com.ar\/diario\/wp-json\/wp\/v2\/media\/4892"}],"wp:attachment":[{"href":"http:\/\/dsrmedios.com.ar\/diario\/wp-json\/wp\/v2\/media?parent=4891"}],"wp:term":[{"taxonomy":"category","embeddable":true,"href":"http:\/\/dsrmedios.com.ar\/diario\/wp-json\/wp\/v2\/categories?post=4891"},{"taxonomy":"post_tag","embeddable":true,"href":"http:\/\/dsrmedios.com.ar\/diario\/wp-json\/wp\/v2\/tags?post=4891"}],"curies":[{"name":"wp","href":"https:\/\/api.w.org\/{rel}","templated":true}]}}