{"id":4874,"date":"2018-03-23T07:03:28","date_gmt":"2018-03-23T10:03:28","guid":{"rendered":"http:\/\/dsrmedios.com.ar\/diario\/?p=4874"},"modified":"2018-03-22T17:20:13","modified_gmt":"2018-03-22T20:20:13","slug":"provincia-jubilara-a-todos-los-docentes-que-cumplan-con-el-requisito-legal","status":"publish","type":"post","link":"http:\/\/dsrmedios.com.ar\/diario\/archivos\/4874","title":{"rendered":"Provincia jubilar\u00e1 a todos los docentes que cumplan con el requisito legal"},"content":{"rendered":"<p>El gobierno de la provincia de Buenos Aires dispuso hoy el cese jubilatorio del personal docente que al 31 de diciembre del a\u00f1o pasado haya cumplido 60 a\u00f1os de edad y con 30 a\u00f1os de servicio, seg\u00fan se public\u00f3 en el Bolet\u00edn Oficial de la Provincia.<\/p>\n<p>En la resoluci\u00f3n, se explic\u00f3 que los docentes alcanzados por la medida \u201cser\u00e1n notificados personalmente o mediante c\u00e9dula dirigida al domicilio denunciado por cada agente\u201d.<\/p>\n<p>Adem\u00e1s, el personal comprendido en esta resoluci\u00f3n \u201ccontar\u00e1 desde el plazo de la notificaci\u00f3n, con treinta (30) d\u00edas h\u00e1biles administrativos para aportar elementos demostrativos de servicios que no hayan sido contemplados en la resoluci\u00f3n respectiva\u201d.<\/p>\n<p>fuente:www.aninoticias.com<\/p>\n","protected":false},"excerpt":{"rendered":"<div class=\"mh-excerpt\"><p>El gobierno de la provincia de Buenos Aires dispuso hoy el cese jubilatorio del personal docente que al 31 de diciembre del a\u00f1o pasado haya cumplido 60 a\u00f1os de edad y con 30 a\u00f1os de servicio, seg\u00fan se public\u00f3 en el Bolet\u00edn Oficial de la Provincia. En la resoluci\u00f3n, se explic\u00f3 que los docentes alcanzados por la medida \u201cser\u00e1n notificados personalmente o mediante c\u00e9dula dirigida al domicilio denunciado por cada agente\u201d. Adem\u00e1s, el personal comprendido en esta resoluci\u00f3n \u201ccontar\u00e1 desde el plazo de la notificaci\u00f3n, con treinta (30) d\u00edas h\u00e1biles administrativos para aportar elementos demostrativos de servicios que no hayan <a class=\"mh-excerpt-more\" href=\"http:\/\/dsrmedios.com.ar\/diario\/archivos\/4874\" title=\"Provincia jubilar\u00e1 a todos los docentes que cumplan con el requisito legal\">[Leer m\u00e1s]<\/a><\/p>\n<\/div>","protected":false},"author":5,"featured_media":4875,"comment_status":"open","ping_status":"closed","sticky":false,"template":"","format":"standard","meta":{"_jetpack_newsletter_access":""},"categories":[18,7],"tags":[],"jetpack_featured_media_url":"http:\/\/dsrmedios.com.ar\/diario\/wp-content\/uploads\/2018\/03\/aula-copia.jpg","jetpack_sharing_enabled":true,"jetpack_shortlink":"https:\/\/wp.me\/p9fihK-1gC","_links":{"self":[{"href":"http:\/\/dsrmedios.com.ar\/diario\/wp-json\/wp\/v2\/posts\/4874"}],"collection":[{"href":"http:\/\/dsrmedios.com.ar\/diario\/wp-json\/wp\/v2\/posts"}],"about":[{"href":"http:\/\/dsrmedios.com.ar\/diario\/wp-json\/wp\/v2\/types\/post"}],"author":[{"embeddable":true,"href":"http:\/\/dsrmedios.com.ar\/diario\/wp-json\/wp\/v2\/users\/5"}],"replies":[{"embeddable":true,"href":"http:\/\/dsrmedios.com.ar\/diario\/wp-json\/wp\/v2\/comments?post=4874"}],"version-history":[{"count":1,"href":"http:\/\/dsrmedios.com.ar\/diario\/wp-json\/wp\/v2\/posts\/4874\/revisions"}],"predecessor-version":[{"id":4876,"href":"http:\/\/dsrmedios.com.ar\/diario\/wp-json\/wp\/v2\/posts\/4874\/revisions\/4876"}],"wp:featuredmedia":[{"embeddable":true,"href":"http:\/\/dsrmedios.com.ar\/diario\/wp-json\/wp\/v2\/media\/4875"}],"wp:attachment":[{"href":"http:\/\/dsrmedios.com.ar\/diario\/wp-json\/wp\/v2\/media?parent=4874"}],"wp:term":[{"taxonomy":"category","embeddable":true,"href":"http:\/\/dsrmedios.com.ar\/diario\/wp-json\/wp\/v2\/categories?post=4874"},{"taxonomy":"post_tag","embeddable":true,"href":"http:\/\/dsrmedios.com.ar\/diario\/wp-json\/wp\/v2\/tags?post=4874"}],"curies":[{"name":"wp","href":"https:\/\/api.w.org\/{rel}","templated":true}]}}