{"id":4872,"date":"2018-03-23T07:01:20","date_gmt":"2018-03-23T10:01:20","guid":{"rendered":"http:\/\/dsrmedios.com.ar\/diario\/?p=4872"},"modified":"2018-03-22T17:18:07","modified_gmt":"2018-03-22T20:18:07","slug":"gremios-docentes-advierten-que-si-no-aparece-una-oferta-superadora-habra-paro","status":"publish","type":"post","link":"http:\/\/dsrmedios.com.ar\/diario\/archivos\/4872","title":{"rendered":"Gremios Docentes advierten que si no aparece una oferta superadora habr\u00e1 paro"},"content":{"rendered":"<p>El secretario general del Sindicato \u00danico de Trabajadores de la Educaci\u00f3n (Suteba), Roberto Baradel, y la titular de la Federaci\u00f3n de Educadores Bonaerenses (FEB), Mirta Petrocini, adelantaron este jueves que si el gobierno bonaerense no convoca a los gremios y mejora la oferta de aumento salarial, realizar\u00e1n un paro durante la primera semana de abril.<\/p>\n<p>&#8220;Seguramente el paro sea la primera semana de abril, lo definiremos la semana que viene&#8221;, reconoci\u00f3 Baradel en declaraciones period\u00edsticas.<\/p>\n<p>Por su parte, Petrocini opin\u00f3 que &#8220;el gobierno est\u00e1 construyendo el paro&#8221; y expuso que la huelga se va a definir &#8220;en tanto y en cuanto el Gobierno no haga una oferta superadora&#8221; durante el transcurso de esta semana y la pr\u00f3xima.<\/p>\n<p>Fuente:www.aninoticias.com<\/p>\n","protected":false},"excerpt":{"rendered":"<div class=\"mh-excerpt\"><p>El secretario general del Sindicato \u00danico de Trabajadores de la Educaci\u00f3n (Suteba), Roberto Baradel, y la titular de la Federaci\u00f3n de Educadores Bonaerenses (FEB), Mirta Petrocini, adelantaron este jueves que si el gobierno bonaerense no convoca a los gremios y mejora la oferta de aumento salarial, realizar\u00e1n un paro durante la primera semana de abril. &#8220;Seguramente el paro sea la primera semana de abril, lo definiremos la semana que viene&#8221;, reconoci\u00f3 Baradel en declaraciones period\u00edsticas. Por su parte, Petrocini opin\u00f3 que &#8220;el gobierno est\u00e1 construyendo el paro&#8221; y expuso que la huelga se va a definir &#8220;en tanto y en <a class=\"mh-excerpt-more\" href=\"http:\/\/dsrmedios.com.ar\/diario\/archivos\/4872\" title=\"Gremios Docentes advierten que si no aparece una oferta superadora habr\u00e1 paro\">[Leer m\u00e1s]<\/a><\/p>\n<\/div>","protected":false},"author":5,"featured_media":3286,"comment_status":"open","ping_status":"closed","sticky":false,"template":"","format":"standard","meta":{"_jetpack_newsletter_access":""},"categories":[18,7],"tags":[],"jetpack_featured_media_url":"http:\/\/dsrmedios.com.ar\/diario\/wp-content\/uploads\/2018\/01\/docentes3.jpg","jetpack_sharing_enabled":true,"jetpack_shortlink":"https:\/\/wp.me\/p9fihK-1gA","_links":{"self":[{"href":"http:\/\/dsrmedios.com.ar\/diario\/wp-json\/wp\/v2\/posts\/4872"}],"collection":[{"href":"http:\/\/dsrmedios.com.ar\/diario\/wp-json\/wp\/v2\/posts"}],"about":[{"href":"http:\/\/dsrmedios.com.ar\/diario\/wp-json\/wp\/v2\/types\/post"}],"author":[{"embeddable":true,"href":"http:\/\/dsrmedios.com.ar\/diario\/wp-json\/wp\/v2\/users\/5"}],"replies":[{"embeddable":true,"href":"http:\/\/dsrmedios.com.ar\/diario\/wp-json\/wp\/v2\/comments?post=4872"}],"version-history":[{"count":1,"href":"http:\/\/dsrmedios.com.ar\/diario\/wp-json\/wp\/v2\/posts\/4872\/revisions"}],"predecessor-version":[{"id":4873,"href":"http:\/\/dsrmedios.com.ar\/diario\/wp-json\/wp\/v2\/posts\/4872\/revisions\/4873"}],"wp:featuredmedia":[{"embeddable":true,"href":"http:\/\/dsrmedios.com.ar\/diario\/wp-json\/wp\/v2\/media\/3286"}],"wp:attachment":[{"href":"http:\/\/dsrmedios.com.ar\/diario\/wp-json\/wp\/v2\/media?parent=4872"}],"wp:term":[{"taxonomy":"category","embeddable":true,"href":"http:\/\/dsrmedios.com.ar\/diario\/wp-json\/wp\/v2\/categories?post=4872"},{"taxonomy":"post_tag","embeddable":true,"href":"http:\/\/dsrmedios.com.ar\/diario\/wp-json\/wp\/v2\/tags?post=4872"}],"curies":[{"name":"wp","href":"https:\/\/api.w.org\/{rel}","templated":true}]}}