{"id":4856,"date":"2018-03-22T09:10:43","date_gmt":"2018-03-22T12:10:43","guid":{"rendered":"http:\/\/dsrmedios.com.ar\/diario\/?p=4856"},"modified":"2018-03-22T09:10:43","modified_gmt":"2018-03-22T12:10:43","slug":"presentaron-los-resultados-de-la-prueba-aprender-en-la-provincia-de-bs-as","status":"publish","type":"post","link":"http:\/\/dsrmedios.com.ar\/diario\/archivos\/4856","title":{"rendered":"Presentaron los resultados de la prueba &#8220;Aprender&#8221; en la Provincia de Bs. As."},"content":{"rendered":"<p>La gobernadora bonaerense, Mar\u00eda Eugenia Vidal, particip\u00f3 de la presentaci\u00f3n de los resultados de la prueba Aprender 2017, junto al presidente Mauricio Macri y el ministro de Educaci\u00f3n de la Naci\u00f3n, Alejandro Finocchiaro.<\/p>\n<p>El acto tuvo lugar en la Escuela Nacional Superior Eduardo Costa de Campana, donde tambi\u00e9n participaron autoridades nacionales, provinciales, como el titular de Educaci\u00f3n bonaerense, Gabriel S\u00e1nchez Zinny y municipales.<\/p>\n<p>En el transcurso del acto, Macri asegur\u00f3 que &#8220;no existe ninguna otra herramienta como la educaci\u00f3n, especialmente la educaci\u00f3n p\u00fablica de calidad, que logre mayores oportunidades de igualdad&#8221;.<\/p>\n<p>El mandatario indic\u00f3 que en la prueba de este a\u00f1o &#8220;hubo un cambio de tenedencia en los resultados operativos en Ciencias Sociales, Naturales y Lengua, aunque advirti\u00f3 que Matem\u00e1ticas nos cuesta&#8221;.<\/p>\n<p>En tal sentido, la prueba arroj\u00f3 una destacable mejor\u00eda en Lengua, aunque mantuvo los mismos flojos resultados que la anterior.<\/p>\n<p>En cuanto a Lengua, tuvo una notable mejor\u00eda: creci\u00f3 9 puntos la cantidad de alumnos del \u00faltimo a\u00f1o de secundario por encima del est\u00e1ndar aceptable.<\/p>\n<p>Los motivo, seg\u00fan se evalu\u00f3, fueron dos: la fuerte capacitaci\u00f3n del Instituto Nacional de Capacitaci\u00f3n Docente (INDoD), que puso el foco en la comprensi\u00f3n lectora y los reportes de la evaluaci\u00f3n del a\u00f1o pasado.<\/p>\n<p>La deuda sigue siendo Matem\u00e1ticas, ya que el 69% de los alumnos a punto de terminar el colegio tiene severas dificultades para resolver operaciones matem\u00e1ticas.<\/p>\n<p>La prueba, implementada por el Ministerio de Educaci\u00f3n y el Consejo Federal de Educaci\u00f3n, se tom\u00f3 en noviembre del a\u00f1o pasado a 1.210.620 alumnos y ten\u00eda el objetivo de evaluar conocimientos en matem\u00e1tica, lengua, ciencias sociales y naturales.<\/p>\n<p>fuente:www.latecla.com<\/p>\n","protected":false},"excerpt":{"rendered":"<div class=\"mh-excerpt\"><p>La gobernadora bonaerense, Mar\u00eda Eugenia Vidal, particip\u00f3 de la presentaci\u00f3n de los resultados de la prueba Aprender 2017, junto al presidente Mauricio Macri y el ministro de Educaci\u00f3n de la Naci\u00f3n, Alejandro Finocchiaro. El acto tuvo lugar en la Escuela Nacional Superior Eduardo Costa de Campana, donde tambi\u00e9n participaron autoridades nacionales, provinciales, como el titular de Educaci\u00f3n bonaerense, Gabriel S\u00e1nchez Zinny y municipales. En el transcurso del acto, Macri asegur\u00f3 que &#8220;no existe ninguna otra herramienta como la educaci\u00f3n, especialmente la educaci\u00f3n p\u00fablica de calidad, que logre mayores oportunidades de igualdad&#8221;. El mandatario indic\u00f3 que en la prueba de este <a class=\"mh-excerpt-more\" href=\"http:\/\/dsrmedios.com.ar\/diario\/archivos\/4856\" title=\"Presentaron los resultados de la prueba &#8220;Aprender&#8221; en la Provincia de Bs. As.\">[Leer m\u00e1s]<\/a><\/p>\n<\/div>","protected":false},"author":5,"featured_media":4857,"comment_status":"open","ping_status":"closed","sticky":false,"template":"","format":"standard","meta":{"_jetpack_newsletter_access":""},"categories":[18,6],"tags":[],"jetpack_featured_media_url":"http:\/\/dsrmedios.com.ar\/diario\/wp-content\/uploads\/2018\/03\/macrividal.jpg","jetpack_sharing_enabled":true,"jetpack_shortlink":"https:\/\/wp.me\/p9fihK-1gk","_links":{"self":[{"href":"http:\/\/dsrmedios.com.ar\/diario\/wp-json\/wp\/v2\/posts\/4856"}],"collection":[{"href":"http:\/\/dsrmedios.com.ar\/diario\/wp-json\/wp\/v2\/posts"}],"about":[{"href":"http:\/\/dsrmedios.com.ar\/diario\/wp-json\/wp\/v2\/types\/post"}],"author":[{"embeddable":true,"href":"http:\/\/dsrmedios.com.ar\/diario\/wp-json\/wp\/v2\/users\/5"}],"replies":[{"embeddable":true,"href":"http:\/\/dsrmedios.com.ar\/diario\/wp-json\/wp\/v2\/comments?post=4856"}],"version-history":[{"count":1,"href":"http:\/\/dsrmedios.com.ar\/diario\/wp-json\/wp\/v2\/posts\/4856\/revisions"}],"predecessor-version":[{"id":4858,"href":"http:\/\/dsrmedios.com.ar\/diario\/wp-json\/wp\/v2\/posts\/4856\/revisions\/4858"}],"wp:featuredmedia":[{"embeddable":true,"href":"http:\/\/dsrmedios.com.ar\/diario\/wp-json\/wp\/v2\/media\/4857"}],"wp:attachment":[{"href":"http:\/\/dsrmedios.com.ar\/diario\/wp-json\/wp\/v2\/media?parent=4856"}],"wp:term":[{"taxonomy":"category","embeddable":true,"href":"http:\/\/dsrmedios.com.ar\/diario\/wp-json\/wp\/v2\/categories?post=4856"},{"taxonomy":"post_tag","embeddable":true,"href":"http:\/\/dsrmedios.com.ar\/diario\/wp-json\/wp\/v2\/tags?post=4856"}],"curies":[{"name":"wp","href":"https:\/\/api.w.org\/{rel}","templated":true}]}}