{"id":4833,"date":"2018-03-21T10:00:30","date_gmt":"2018-03-21T13:00:30","guid":{"rendered":"http:\/\/dsrmedios.com.ar\/diario\/?p=4833"},"modified":"2018-03-21T10:00:30","modified_gmt":"2018-03-21T13:00:30","slug":"desmiente-el-servicio-meteorologico-que-haya-anunciado-el-invierno-mas-crudo-de-los-ultimos-15-anos","status":"publish","type":"post","link":"http:\/\/dsrmedios.com.ar\/diario\/archivos\/4833","title":{"rendered":"Desmiente el Servicio Meteorol\u00f3gico que haya anunciado el invierno m\u00e1s crudo de los \u00faltimos 15 a\u00f1os"},"content":{"rendered":"<p>Martes, Marzo 20, 2018 &#8211; 17:52<\/p>\n<p>Esta semana recibimos cientos de consultas sobre una noticia viral titulada \u201cEl invierno m\u00e1s crudo en los \u00faltimos 15 a\u00f1os\u201d.<\/p>\n<p>Esta informaci\u00f3n es completamente falsa, y tambi\u00e9n lo era en el 2014 cuando, al igual que ahora, se volvi\u00f3 viral en la web. Hasta este momento no hay informaci\u00f3n sobre las tendencias del invierno. Reci\u00e9n estamos finalizando el verano y nos queda transitar el oto\u00f1o antes de llegar al invierno. Un pron\u00f3stico clim\u00e1tico a tan largo plazo presenta un alt\u00edsimo grado de incertidumbre, es poco confiable y por lo tanto, no tiene sentido realizarlo. Las tendencias estacionales no van m\u00e1s all\u00e1 de un trimestre.<\/p>\n<p>Con la mejor intenci\u00f3n de divulgar una informaci\u00f3n que suena tan impactante, muchos usuarios de redes y varios medios reprodujeron el texto sin verificar su procedencia y as\u00ed contribuyeron a que la (des)informaci\u00f3n se viralice. Era tan f\u00e1cil como \u201cgooglear\u201d el t\u00edtulo o la fuente y encontrar la misma noticia publicada hace unos a\u00f1os.<\/p>\n<p>Como usuarios de las redes sociales todos tenemos cierta responsabilidad al compartir informaci\u00f3n, especialmente cuando las noticias son de dudosa procedencia o hay inconsistencia en los datos que presenta, porque a pesar de las buenas intenciones que podamos tener, reproducir de este tipo de noticias puede tener serias consecuencias: mucha gente puede asustarse y\/o tomar malas decisiones en base a informaci\u00f3n falsa. Por eso siempre es aconsejable indagar un poco antes de compartir. Y siempre consultar a los organismos oficiales. En meteorolog\u00eda, el Servicio Meteorol\u00f3gico Nacional es el \u00fanico organismo oficial.<\/p>\n<p>\u00bfC\u00f3mo nos damos cuenta de que la noticia es falsa?<\/p>\n<p>En primer lugar chequeamos la fuente. En este caso hay dos: el Servicio Privado de Meteorolog\u00eda (SPM) y el Observatorio Geomagn\u00e9tico del Centro (C\u00f3rdoba). Hubo algunas variantes en los nombres seg\u00fan pasaban las semanas, pero si hacemos una b\u00fasqueda r\u00e1pida en internet, no hay nada sobre estas instituciones. Ac\u00e1 ya podemos dudar.<\/p>\n<p>Analizamos las oraciones. El primer p\u00e1rrafo dice \u201cYa en el mes de abril se har\u00e1 sentir el fr\u00edo, por momentos, intenso\u201d. Nos preguntamos \u00bfD\u00f3nde? \u00bfen todo el pa\u00eds? De cualquier modo, esto no ser\u00eda tan raro ya que en abril o comienzos de mayo es normal tener las primeras irrupciones de aire fr\u00edo que afectan a gran parte de Argentina.<\/p>\n<p>La noticia tambi\u00e9n indica que las temperaturas pueden estar por debajo de los 0\u00b0C. Esto tampoco es extra\u00f1o, considerando que, estad\u00edsticamente, en el centro del pa\u00eds las temperaturas m\u00ednimas medias del invierno rondan los 2\u00b0C, y las primeras heladas suelen darse a finales de abril o primeros d\u00edas de mayo.<\/p>\n<p>Tambi\u00e9n habla de \u201cheladas negras\u201d. El nombre puede generar un poco de alarma, pero la realidad es que es un fen\u00f3meno bastante com\u00fan. Las heladas pueden ser blancas o negras seg\u00fan la humedad que hay en el aire. Si se forma una pel\u00edcula blanca sobre la vegetaci\u00f3n se la llama \u201chelada blanca\u201d y en caso contrario es \u201chelada negra\u201d. Pueden ver una breve explicaci\u00f3n ac\u00e1<\/p>\n<p>La frase \u201cexiste un 70% de posibilidad de nieve en la capital cordobesa\u201d carece de sustento cient\u00edfico. Lamentamos si alg\u00fan cordob\u00e9s se ilusion\u00f3 con esta noticia, pero es imposible hacer este pron\u00f3stico a tan largo plazo. Si existiera la posibilidad de que esto ocurra durante el invierno, te vamos a avisar en el pron\u00f3stico diario en www.smn.gob.ar<\/p>\n<p>La nota tambi\u00e9n hace referencia al norte del pa\u00eds: \u201cLas provincias del noreste argentino, sobre todo Corrientes y Misiones, conocer\u00e1n m\u00ednimas de 0\u00b0 y vientos desde el sur\/sudoeste que har\u00e1n que la sensaci\u00f3n t\u00e9rmica, tanto en mayo y junio, llegue a los -3\u00b0 bajo cero. Los coletazos del invierno que se aproxima durar\u00e1n hasta entrada la primavera.\u201d Bueno, aunque es pronto para hacer este tipo de pron\u00f3stico, no ser\u00eda la primera vez que ocurre. El a\u00f1o pasado, a pesar de que tuvimos un invierno c\u00e1lido, se registraron temperaturas de hasta -4\u00b0C en Chaco y Corrientes. Y con respecto a los \u201ccoletazos\u201d del invierno hasta entrada la primavera no es ninguna noticia, el comienzo de la primavera suele tener caracter\u00edsticas del invierno.<\/p>\n<p>Podemos seguir analizando la nota pero la conclusi\u00f3n ser\u00eda la misma. La noticia es falsa y no hay sustento cient\u00edfico para afirmar que este invierno ser\u00e1 el m\u00e1s crudo de los \u00faltimos 15 a\u00f1os.<\/p>\n<p>Fuente: https:\/\/www.smn.gob.ar\/noticias<\/p>\n","protected":false},"excerpt":{"rendered":"<div class=\"mh-excerpt\"><p>Martes, Marzo 20, 2018 &#8211; 17:52 Esta semana recibimos cientos de consultas sobre una noticia viral titulada \u201cEl invierno m\u00e1s crudo en los \u00faltimos 15 a\u00f1os\u201d. Esta informaci\u00f3n es completamente falsa, y tambi\u00e9n lo era en el 2014 cuando, al igual que ahora, se volvi\u00f3 viral en la web. Hasta este momento no hay informaci\u00f3n sobre las tendencias del invierno. Reci\u00e9n estamos finalizando el verano y nos queda transitar el oto\u00f1o antes de llegar al invierno. Un pron\u00f3stico clim\u00e1tico a tan largo plazo presenta un alt\u00edsimo grado de incertidumbre, es poco confiable y por lo tanto, no tiene sentido realizarlo. <a class=\"mh-excerpt-more\" href=\"http:\/\/dsrmedios.com.ar\/diario\/archivos\/4833\" title=\"Desmiente el Servicio Meteorol\u00f3gico que haya anunciado el invierno m\u00e1s crudo de los \u00faltimos 15 a\u00f1os\">[Leer m\u00e1s]<\/a><\/p>\n<\/div>","protected":false},"author":5,"featured_media":4834,"comment_status":"open","ping_status":"closed","sticky":false,"template":"","format":"standard","meta":{"_jetpack_newsletter_access":""},"categories":[18,6],"tags":[],"jetpack_featured_media_url":"http:\/\/dsrmedios.com.ar\/diario\/wp-content\/uploads\/2018\/03\/smn.jpg","jetpack_sharing_enabled":true,"jetpack_shortlink":"https:\/\/wp.me\/p9fihK-1fX","_links":{"self":[{"href":"http:\/\/dsrmedios.com.ar\/diario\/wp-json\/wp\/v2\/posts\/4833"}],"collection":[{"href":"http:\/\/dsrmedios.com.ar\/diario\/wp-json\/wp\/v2\/posts"}],"about":[{"href":"http:\/\/dsrmedios.com.ar\/diario\/wp-json\/wp\/v2\/types\/post"}],"author":[{"embeddable":true,"href":"http:\/\/dsrmedios.com.ar\/diario\/wp-json\/wp\/v2\/users\/5"}],"replies":[{"embeddable":true,"href":"http:\/\/dsrmedios.com.ar\/diario\/wp-json\/wp\/v2\/comments?post=4833"}],"version-history":[{"count":1,"href":"http:\/\/dsrmedios.com.ar\/diario\/wp-json\/wp\/v2\/posts\/4833\/revisions"}],"predecessor-version":[{"id":4839,"href":"http:\/\/dsrmedios.com.ar\/diario\/wp-json\/wp\/v2\/posts\/4833\/revisions\/4839"}],"wp:featuredmedia":[{"embeddable":true,"href":"http:\/\/dsrmedios.com.ar\/diario\/wp-json\/wp\/v2\/media\/4834"}],"wp:attachment":[{"href":"http:\/\/dsrmedios.com.ar\/diario\/wp-json\/wp\/v2\/media?parent=4833"}],"wp:term":[{"taxonomy":"category","embeddable":true,"href":"http:\/\/dsrmedios.com.ar\/diario\/wp-json\/wp\/v2\/categories?post=4833"},{"taxonomy":"post_tag","embeddable":true,"href":"http:\/\/dsrmedios.com.ar\/diario\/wp-json\/wp\/v2\/tags?post=4833"}],"curies":[{"name":"wp","href":"https:\/\/api.w.org\/{rel}","templated":true}]}}