{"id":4829,"date":"2018-03-21T08:27:46","date_gmt":"2018-03-21T11:27:46","guid":{"rendered":"http:\/\/dsrmedios.com.ar\/diario\/?p=4829"},"modified":"2018-03-21T08:27:46","modified_gmt":"2018-03-21T11:27:46","slug":"nutrido-programa-de-actividades-para-el-largo-fin-de-semana-santa-y-malvinas","status":"publish","type":"post","link":"http:\/\/dsrmedios.com.ar\/diario\/archivos\/4829","title":{"rendered":"Nutrido programa de actividades para el largo Fin de Semana Santa y Malvinas"},"content":{"rendered":"<p>Esta Semana Santa en Lago Epecu\u00e9n Carhu\u00e9 se podr\u00e1n disfrutar actividades para toda la familia: m\u00fasica, excursiones en bicicleta, naturaleza, ciencia y tecnolog\u00eda.<br \/>\nSer\u00e1n 5 d\u00edas claves para quienes puedan tomarse los d\u00edas y viajar, puesto que se suma al Feriado Nacional por Homenaje a los Veteranos y Ca\u00eddos en Malvinas<br \/>\nEl Carhu\u00e9 se avisora un fin de semana extra largo muy positivo dado que ya hay un 80% de la capacidad hotelera reservada.<br \/>\nDesde la Secretar\u00eda de Turismo local proponen un programa de actividades para disfrutar en familia.<br \/>\nEntre las m\u00e1s destacadas se encuentran la excursi\u00f3n al Cristo del M\u00e9dano y a la Primera tribuna techada del pa\u00eds que se realizar\u00e1 el viernes, donde adem\u00e1s se compartir\u00e1 una paella de almuerzo. Tambi\u00e9n el Cicloturismo \u201cVilla Epecu\u00e9n\u201d previsto para el s\u00e1bado y que recorrer\u00e1 en bici: Playa Eco Sustentable,Oaxaca, Centro de Interpretaci\u00f3n Villa Epecu\u00e9n, antigua f\u00e1brica de extracci\u00f3n de sal, Camping \u201cLa Angelita\u201d. Ideal para los amantes de la naturaleza y el deporte.<br \/>\nTambi\u00e9n la excursi\u00f3n del domingo de Pascuas al lado Sur del Lago Epecu\u00e9n, Bosque de Caldenes y antigua f\u00e1brica de extracci\u00f3n de Sulfato.<br \/>\nSe realizar\u00e1 una edici\u00f3n de Musica en la Playa con la banda reggae Ron Dam\u00f3n en la Playa Eco Sustentable.<br \/>\nEntre las actividades para disfrutar al m\u00e1ximo de la naturaleza del lugar se destacan la excursi\u00f3n guiada por el sendero del Molle de La Chacra que se realizar\u00e1 el jueves a las 14hs y la observaci\u00f3n de las Aves en nuestro entorno natural (Flamenco \u2013 Playeras). Margen del Lago Epecu\u00e9n y \u00c1rea AICA.<\/p>\n<p>Estaci\u00f3n Ciencia<br \/>\nDe jueves a s\u00e1bado se podr\u00e1 visitar Estaci\u00f3n Ciencia Feria Itinerante de Conocimiento del Ministerio de Ciencia, Tecnolog\u00eda e Innovaci\u00f3n de la Provincia de Buenos Aires.<br \/>\nEstaci\u00f3n Ciencia es una por unidad para vivir una experiencia directa con la ciencia y tecnolog\u00eda de una manera divertida. Habr\u00e1 stands con diferentes actividades que sorprender\u00e1 a grandes y chicos.<br \/>\nLa Feria estar\u00e1 en la Casa de la Cultura (Mitre y Urquiza) y se podr\u00e1 recorrer de 15 a 19hs con entrada libre y gratuita.<br \/>\nEl mi\u00e9rcoles la feria abrir\u00e1 de manera exclusiva para escuelas del distrito.<\/p>\n<p>&nbsp;<\/p>\n<p>Programa Completo<\/p>\n<p>Estaci\u00f3n Ciencia<br \/>\nFeria Itinerante del Conocimiento<br \/>\nven\u00ed a vivir una experiencia directa con la Ciencia y la tecnolog\u00eda<br \/>\nJueves, Viernes y S\u00e1bado<br \/>\nde 15 a 19hs<br \/>\nCasa de la Cultura (Mitre y Urquiza)<\/p>\n<p>&nbsp;<\/p>\n<p>Jueves 29 de Marzo<br \/>\nExcursi\u00f3n guiada Sendero del Molle- La Chacra<br \/>\n14:00 hs. Oficina de Turismo.<\/p>\n<p>&nbsp;<\/p>\n<p>Viernes 30 de Marzo<br \/>\nExcursi\u00f3n al Cristo del M\u00e9dano y Primera tribuna cubierta del pa\u00eds &#8211; Almuerzo: Paella<br \/>\n09:00 hs Oficina de Turismo. Consultar costo.<\/p>\n<p>V\u00eda Crucis<br \/>\n19:00 hs. &#8211; Parroquia Nuestra Se\u00f1ora de los Desamparados<\/p>\n<p>S\u00e1bado 31 de Marzo<br \/>\nCicloturismo \u201cVilla Epecu\u00e9n\u201d. Recorremos en bici: Playa Eco Sustentable,Oaxaca, Centro de Interpretaci\u00f3n Villa Epecu\u00e9n, antigua f\u00e1brica de extracci\u00f3n de sal, Camping \u201cLa Angelita\u201d<br \/>\n14:00 hs Oficina de Turismo.<\/p>\n<p>M\u00fasica en la Plata &#8211; Reggae Ron Dam\u00f3n<br \/>\n17:00 hs Playa Eco Sustentable<\/p>\n<p>Domingo 1 de Abril<br \/>\nExcursi\u00f3n lado Sur del Lago Epecu\u00e9n, Bosque de Caldenes y antigua f\u00e1brica de extracci\u00f3n de Sulfato<br \/>\n09:30 hs Oficina de Turismo<\/p>\n<p>Lunes 2 de Abril<\/p>\n<p>Observaci\u00f3n de las Aves en nuestro entorno natural (Flamenco \u2013 Playeras). Margen del Lago Epecu\u00e9n y \u00c1rea AICA<br \/>\n10:00 hs desde la Oficina de Turismo.<\/p>\n","protected":false},"excerpt":{"rendered":"<div class=\"mh-excerpt\"><p>Esta Semana Santa en Lago Epecu\u00e9n Carhu\u00e9 se podr\u00e1n disfrutar actividades para toda la familia: m\u00fasica, excursiones en bicicleta, naturaleza, ciencia y tecnolog\u00eda. Ser\u00e1n 5 d\u00edas claves para quienes puedan tomarse los d\u00edas y viajar, puesto que se suma al Feriado Nacional por Homenaje a los Veteranos y Ca\u00eddos en Malvinas El Carhu\u00e9 se avisora un fin de semana extra largo muy positivo dado que ya hay un 80% de la capacidad hotelera reservada. Desde la Secretar\u00eda de Turismo local proponen un programa de actividades para disfrutar en familia. Entre las m\u00e1s destacadas se encuentran la excursi\u00f3n al Cristo del <a class=\"mh-excerpt-more\" href=\"http:\/\/dsrmedios.com.ar\/diario\/archivos\/4829\" title=\"Nutrido programa de actividades para el largo Fin de Semana Santa y Malvinas\">[Leer m\u00e1s]<\/a><\/p>\n<\/div>","protected":false},"author":5,"featured_media":4830,"comment_status":"open","ping_status":"closed","sticky":false,"template":"","format":"standard","meta":{"_jetpack_newsletter_access":""},"categories":[18,5],"tags":[],"jetpack_featured_media_url":"http:\/\/dsrmedios.com.ar\/diario\/wp-content\/uploads\/2018\/03\/carhue.jpg","jetpack_sharing_enabled":true,"jetpack_shortlink":"https:\/\/wp.me\/p9fihK-1fT","_links":{"self":[{"href":"http:\/\/dsrmedios.com.ar\/diario\/wp-json\/wp\/v2\/posts\/4829"}],"collection":[{"href":"http:\/\/dsrmedios.com.ar\/diario\/wp-json\/wp\/v2\/posts"}],"about":[{"href":"http:\/\/dsrmedios.com.ar\/diario\/wp-json\/wp\/v2\/types\/post"}],"author":[{"embeddable":true,"href":"http:\/\/dsrmedios.com.ar\/diario\/wp-json\/wp\/v2\/users\/5"}],"replies":[{"embeddable":true,"href":"http:\/\/dsrmedios.com.ar\/diario\/wp-json\/wp\/v2\/comments?post=4829"}],"version-history":[{"count":1,"href":"http:\/\/dsrmedios.com.ar\/diario\/wp-json\/wp\/v2\/posts\/4829\/revisions"}],"predecessor-version":[{"id":4831,"href":"http:\/\/dsrmedios.com.ar\/diario\/wp-json\/wp\/v2\/posts\/4829\/revisions\/4831"}],"wp:featuredmedia":[{"embeddable":true,"href":"http:\/\/dsrmedios.com.ar\/diario\/wp-json\/wp\/v2\/media\/4830"}],"wp:attachment":[{"href":"http:\/\/dsrmedios.com.ar\/diario\/wp-json\/wp\/v2\/media?parent=4829"}],"wp:term":[{"taxonomy":"category","embeddable":true,"href":"http:\/\/dsrmedios.com.ar\/diario\/wp-json\/wp\/v2\/categories?post=4829"},{"taxonomy":"post_tag","embeddable":true,"href":"http:\/\/dsrmedios.com.ar\/diario\/wp-json\/wp\/v2\/tags?post=4829"}],"curies":[{"name":"wp","href":"https:\/\/api.w.org\/{rel}","templated":true}]}}