{"id":4826,"date":"2018-03-21T08:25:38","date_gmt":"2018-03-21T11:25:38","guid":{"rendered":"http:\/\/dsrmedios.com.ar\/diario\/?p=4826"},"modified":"2018-03-21T08:25:38","modified_gmt":"2018-03-21T11:25:38","slug":"evaluan-la-creacion-de-la-reserva-natural-municipal-que-conserve-el-patrimonio-en-todo-el-distrito","status":"publish","type":"post","link":"http:\/\/dsrmedios.com.ar\/diario\/archivos\/4826","title":{"rendered":"Eval\u00faan la creaci\u00f3n de la Reserva Natural  Municipal que conserve el patrimonio en todo el distrito"},"content":{"rendered":"<p>El Intendente Interino, Concejal Facundo Montenegro evalu\u00f3 junto con Javier Andres, Secretario de Turismo, Juan Ignacio Monti, Subsecretario de Gonierno y Viviana Castro del equipo de Turismo, los pasos necesarios para la implementaci\u00f3n de la Ordenanza n\u00ba4265 que estipula crear y regular una Reserva Natural Municipal.<br \/>\nLa ordenanza tiene como principal objetivo conservar el patrimonio natural y cultural de Adolfo Alsina, proteger la totalidad de ambientes naturales y especies del distrito, as\u00ed como conservar ecosistemas ambientales y habitats terrestres y acu\u00e1ticos que albergan diversas especies animales y vegetales.<br \/>\nAsimismo la implementaci\u00f3n implicar\u00eda dotar de la infraestructura , equipamiento y recursos para la investigaci\u00f3n cient\u00edfica de los ecosistemas y sus componentes , el desarrollo de actividades educativas y ambientales y la implementaci\u00f3n de un sistema de control y vigilancia.<br \/>\nTambi\u00e9n la reserva permitir\u00e1 promover el turismo ecol\u00f3gico sustentable y responsable, as\u00ed como los valores y principios de conservaci\u00f3n de la naturaleza<\/p>\n","protected":false},"excerpt":{"rendered":"<div class=\"mh-excerpt\"><p>El Intendente Interino, Concejal Facundo Montenegro evalu\u00f3 junto con Javier Andres, Secretario de Turismo, Juan Ignacio Monti, Subsecretario de Gonierno y Viviana Castro del equipo de Turismo, los pasos necesarios para la implementaci\u00f3n de la Ordenanza n\u00ba4265 que estipula crear y regular una Reserva Natural Municipal. La ordenanza tiene como principal objetivo conservar el patrimonio natural y cultural de Adolfo Alsina, proteger la totalidad de ambientes naturales y especies del distrito, as\u00ed como conservar ecosistemas ambientales y habitats terrestres y acu\u00e1ticos que albergan diversas especies animales y vegetales. Asimismo la implementaci\u00f3n implicar\u00eda dotar de la infraestructura , equipamiento y recursos <a class=\"mh-excerpt-more\" href=\"http:\/\/dsrmedios.com.ar\/diario\/archivos\/4826\" title=\"Eval\u00faan la creaci\u00f3n de la Reserva Natural  Municipal que conserve el patrimonio en todo el distrito\">[Leer m\u00e1s]<\/a><\/p>\n<\/div>","protected":false},"author":5,"featured_media":4827,"comment_status":"open","ping_status":"closed","sticky":false,"template":"","format":"standard","meta":{"_jetpack_newsletter_access":""},"categories":[2,18,5],"tags":[],"jetpack_featured_media_url":"http:\/\/dsrmedios.com.ar\/diario\/wp-content\/uploads\/2018\/03\/salepe.jpg","jetpack_sharing_enabled":true,"jetpack_shortlink":"https:\/\/wp.me\/p9fihK-1fQ","_links":{"self":[{"href":"http:\/\/dsrmedios.com.ar\/diario\/wp-json\/wp\/v2\/posts\/4826"}],"collection":[{"href":"http:\/\/dsrmedios.com.ar\/diario\/wp-json\/wp\/v2\/posts"}],"about":[{"href":"http:\/\/dsrmedios.com.ar\/diario\/wp-json\/wp\/v2\/types\/post"}],"author":[{"embeddable":true,"href":"http:\/\/dsrmedios.com.ar\/diario\/wp-json\/wp\/v2\/users\/5"}],"replies":[{"embeddable":true,"href":"http:\/\/dsrmedios.com.ar\/diario\/wp-json\/wp\/v2\/comments?post=4826"}],"version-history":[{"count":1,"href":"http:\/\/dsrmedios.com.ar\/diario\/wp-json\/wp\/v2\/posts\/4826\/revisions"}],"predecessor-version":[{"id":4828,"href":"http:\/\/dsrmedios.com.ar\/diario\/wp-json\/wp\/v2\/posts\/4826\/revisions\/4828"}],"wp:featuredmedia":[{"embeddable":true,"href":"http:\/\/dsrmedios.com.ar\/diario\/wp-json\/wp\/v2\/media\/4827"}],"wp:attachment":[{"href":"http:\/\/dsrmedios.com.ar\/diario\/wp-json\/wp\/v2\/media?parent=4826"}],"wp:term":[{"taxonomy":"category","embeddable":true,"href":"http:\/\/dsrmedios.com.ar\/diario\/wp-json\/wp\/v2\/categories?post=4826"},{"taxonomy":"post_tag","embeddable":true,"href":"http:\/\/dsrmedios.com.ar\/diario\/wp-json\/wp\/v2\/tags?post=4826"}],"curies":[{"name":"wp","href":"https:\/\/api.w.org\/{rel}","templated":true}]}}