{"id":4823,"date":"2018-03-21T08:20:30","date_gmt":"2018-03-21T11:20:30","guid":{"rendered":"http:\/\/dsrmedios.com.ar\/diario\/?p=4823"},"modified":"2018-03-21T08:20:30","modified_gmt":"2018-03-21T11:20:30","slug":"segun-el-indec-la-tasa-de-desempleo-bajo-al-72-en-el-cuarto-trimestre","status":"publish","type":"post","link":"http:\/\/dsrmedios.com.ar\/diario\/archivos\/4823","title":{"rendered":"Seg\u00fan el Indec la tasa de desempleo baj\u00f3 al 7,2% en el cuarto trimestre"},"content":{"rendered":"<p>La tasa de desempleo de la Argentina registr\u00f3 un nivel de 7,2 por ciento en el cuarto trimestre de 2017, frente a un 8,3 por ciento del tercer trimestre del mismo a\u00f1o, seg\u00fan inform\u00f3 hoy el Instituto Nacional de Estad\u00edstica y Censos (INDEC).<\/p>\n<p>&#8220;Las tasas de actividad y empleo no presentan diferencias estad\u00edsticamente significativas. La actividad, empleo y desocupaci\u00f3n, en 20 de los 31 aglomerados (relevados), se mantienen sin cambios significativos&#8221;, report\u00f3 el organismo en un comunicado.<\/p>\n<p>En el \u00faltimo trimestre de 2016, la tasa de desempleo oficial se ubic\u00f3 en 7,6 por ciento.<\/p>\n<p>El ente oficial de estad\u00edsticas agreg\u00f3 que &#8220;en comparaci\u00f3n con el mismo trimestre del a\u00f1o anterior para el total de aglomerados, se presenta un aumento significativo del empleo&#8221;.<\/p>\n<p>fuente:www.aninoticia.com<\/p>\n","protected":false},"excerpt":{"rendered":"<div class=\"mh-excerpt\"><p>La tasa de desempleo de la Argentina registr\u00f3 un nivel de 7,2 por ciento en el cuarto trimestre de 2017, frente a un 8,3 por ciento del tercer trimestre del mismo a\u00f1o, seg\u00fan inform\u00f3 hoy el Instituto Nacional de Estad\u00edstica y Censos (INDEC). &#8220;Las tasas de actividad y empleo no presentan diferencias estad\u00edsticamente significativas. La actividad, empleo y desocupaci\u00f3n, en 20 de los 31 aglomerados (relevados), se mantienen sin cambios significativos&#8221;, report\u00f3 el organismo en un comunicado. En el \u00faltimo trimestre de 2016, la tasa de desempleo oficial se ubic\u00f3 en 7,6 por ciento. El ente oficial de estad\u00edsticas agreg\u00f3 <a class=\"mh-excerpt-more\" href=\"http:\/\/dsrmedios.com.ar\/diario\/archivos\/4823\" title=\"Seg\u00fan el Indec la tasa de desempleo baj\u00f3 al 7,2% en el cuarto trimestre\">[Leer m\u00e1s]<\/a><\/p>\n<\/div>","protected":false},"author":5,"featured_media":4824,"comment_status":"open","ping_status":"closed","sticky":false,"template":"","format":"standard","meta":{"_jetpack_newsletter_access":""},"categories":[18,6],"tags":[],"jetpack_featured_media_url":"http:\/\/dsrmedios.com.ar\/diario\/wp-content\/uploads\/2018\/03\/empleo.jpg","jetpack_sharing_enabled":true,"jetpack_shortlink":"https:\/\/wp.me\/p9fihK-1fN","_links":{"self":[{"href":"http:\/\/dsrmedios.com.ar\/diario\/wp-json\/wp\/v2\/posts\/4823"}],"collection":[{"href":"http:\/\/dsrmedios.com.ar\/diario\/wp-json\/wp\/v2\/posts"}],"about":[{"href":"http:\/\/dsrmedios.com.ar\/diario\/wp-json\/wp\/v2\/types\/post"}],"author":[{"embeddable":true,"href":"http:\/\/dsrmedios.com.ar\/diario\/wp-json\/wp\/v2\/users\/5"}],"replies":[{"embeddable":true,"href":"http:\/\/dsrmedios.com.ar\/diario\/wp-json\/wp\/v2\/comments?post=4823"}],"version-history":[{"count":1,"href":"http:\/\/dsrmedios.com.ar\/diario\/wp-json\/wp\/v2\/posts\/4823\/revisions"}],"predecessor-version":[{"id":4825,"href":"http:\/\/dsrmedios.com.ar\/diario\/wp-json\/wp\/v2\/posts\/4823\/revisions\/4825"}],"wp:featuredmedia":[{"embeddable":true,"href":"http:\/\/dsrmedios.com.ar\/diario\/wp-json\/wp\/v2\/media\/4824"}],"wp:attachment":[{"href":"http:\/\/dsrmedios.com.ar\/diario\/wp-json\/wp\/v2\/media?parent=4823"}],"wp:term":[{"taxonomy":"category","embeddable":true,"href":"http:\/\/dsrmedios.com.ar\/diario\/wp-json\/wp\/v2\/categories?post=4823"},{"taxonomy":"post_tag","embeddable":true,"href":"http:\/\/dsrmedios.com.ar\/diario\/wp-json\/wp\/v2\/tags?post=4823"}],"curies":[{"name":"wp","href":"https:\/\/api.w.org\/{rel}","templated":true}]}}