{"id":4820,"date":"2018-03-21T08:17:52","date_gmt":"2018-03-21T11:17:52","guid":{"rendered":"http:\/\/dsrmedios.com.ar\/diario\/?p=4820"},"modified":"2018-03-21T08:17:52","modified_gmt":"2018-03-21T11:17:52","slug":"naciony-provincia-buscan-mejorar-la-seguridad-vial-junto-a-intendentes","status":"publish","type":"post","link":"http:\/\/dsrmedios.com.ar\/diario\/archivos\/4820","title":{"rendered":"Naci\u00f3ny Provincia buscan mejorar la seguridad vial  junto a intendentes"},"content":{"rendered":"<p>El ministro de Gobierno bonaerense, Joaqu\u00edn de la Torre, y el Director de la Agencia Nacional de Seguridad Vial, Carlos Alberto P\u00e9rez, junto al subsecretario de Gesti\u00f3n Gubernamental, Iv\u00e1n Budassi, se reunieron este martes con distintos intendentes de la provincia y referentes del \u00e1rea de la seguridad vial para tratar de manera conjunta los recientes cambios en la normativa de tr\u00e1nsito a nivel nacional y provincial, como as\u00ed tambi\u00e9n analizar temas relacionados a la circulaci\u00f3n de cuatriciclos, las nuevas categor\u00edas de licencias para la conducci\u00f3n de este tipo de veh\u00edculos y las infracciones.<\/p>\n<p>Es importante destacar que la Ley de Tr\u00e1nsito N\u00b013.927 fue modificada a fin del a\u00f1o pasado por la legislatura bonaerense, y que ahora debe ser reglamentada. Para ello, se hizo extensiva la invitaci\u00f3n a los intendentes y funcionarios del \u00e1rea de Seguridad Vial para que puedan aportar las experiencias en cada uno de los distritos.<\/p>\n<p>En ese marco, de la Torre expres\u00f3 la necesidad de &#8220;consensuar entre todos los actores involucrados cu\u00e1l es la mejor forma de aplicar las nuevas normativas atentos al territorio y las problem\u00e1ticas de cada distrito. Por conocimiento y cercan\u00eda, no hay nadie mejor que los intendentes para transmitir lo que all\u00ed sucede&#8221;.<\/p>\n<p>Adem\u00e1s, el funcionario provincial reconoci\u00f3 que &#8220;como Estado tenemos la responsabilidad de prevenir y dar soluci\u00f3n a las problem\u00e1ticas que se presentan en ese aspecto y, por eso tanto, el presidente como la Gobernadora pusieron sobre la mesa \u00e9ste tema en sus discursos de apertura de sesiones ordinarias en el Congreso y en la Legislatura&#8221;.<\/p>\n<p>fuente;www,aninoticias.com<\/p>\n","protected":false},"excerpt":{"rendered":"<div class=\"mh-excerpt\"><p>El ministro de Gobierno bonaerense, Joaqu\u00edn de la Torre, y el Director de la Agencia Nacional de Seguridad Vial, Carlos Alberto P\u00e9rez, junto al subsecretario de Gesti\u00f3n Gubernamental, Iv\u00e1n Budassi, se reunieron este martes con distintos intendentes de la provincia y referentes del \u00e1rea de la seguridad vial para tratar de manera conjunta los recientes cambios en la normativa de tr\u00e1nsito a nivel nacional y provincial, como as\u00ed tambi\u00e9n analizar temas relacionados a la circulaci\u00f3n de cuatriciclos, las nuevas categor\u00edas de licencias para la conducci\u00f3n de este tipo de veh\u00edculos y las infracciones. Es importante destacar que la Ley de <a class=\"mh-excerpt-more\" href=\"http:\/\/dsrmedios.com.ar\/diario\/archivos\/4820\" title=\"Naci\u00f3ny Provincia buscan mejorar la seguridad vial  junto a intendentes\">[Leer m\u00e1s]<\/a><\/p>\n<\/div>","protected":false},"author":5,"featured_media":4821,"comment_status":"open","ping_status":"closed","sticky":false,"template":"","format":"standard","meta":{"_jetpack_newsletter_access":""},"categories":[18,6],"tags":[],"jetpack_featured_media_url":"http:\/\/dsrmedios.com.ar\/diario\/wp-content\/uploads\/2018\/03\/vial_encuentro.jpeg","jetpack_sharing_enabled":true,"jetpack_shortlink":"https:\/\/wp.me\/p9fihK-1fK","_links":{"self":[{"href":"http:\/\/dsrmedios.com.ar\/diario\/wp-json\/wp\/v2\/posts\/4820"}],"collection":[{"href":"http:\/\/dsrmedios.com.ar\/diario\/wp-json\/wp\/v2\/posts"}],"about":[{"href":"http:\/\/dsrmedios.com.ar\/diario\/wp-json\/wp\/v2\/types\/post"}],"author":[{"embeddable":true,"href":"http:\/\/dsrmedios.com.ar\/diario\/wp-json\/wp\/v2\/users\/5"}],"replies":[{"embeddable":true,"href":"http:\/\/dsrmedios.com.ar\/diario\/wp-json\/wp\/v2\/comments?post=4820"}],"version-history":[{"count":1,"href":"http:\/\/dsrmedios.com.ar\/diario\/wp-json\/wp\/v2\/posts\/4820\/revisions"}],"predecessor-version":[{"id":4822,"href":"http:\/\/dsrmedios.com.ar\/diario\/wp-json\/wp\/v2\/posts\/4820\/revisions\/4822"}],"wp:featuredmedia":[{"embeddable":true,"href":"http:\/\/dsrmedios.com.ar\/diario\/wp-json\/wp\/v2\/media\/4821"}],"wp:attachment":[{"href":"http:\/\/dsrmedios.com.ar\/diario\/wp-json\/wp\/v2\/media?parent=4820"}],"wp:term":[{"taxonomy":"category","embeddable":true,"href":"http:\/\/dsrmedios.com.ar\/diario\/wp-json\/wp\/v2\/categories?post=4820"},{"taxonomy":"post_tag","embeddable":true,"href":"http:\/\/dsrmedios.com.ar\/diario\/wp-json\/wp\/v2\/tags?post=4820"}],"curies":[{"name":"wp","href":"https:\/\/api.w.org\/{rel}","templated":true}]}}