{"id":4817,"date":"2018-03-21T08:12:47","date_gmt":"2018-03-21T11:12:47","guid":{"rendered":"http:\/\/dsrmedios.com.ar\/diario\/?p=4817"},"modified":"2018-03-21T08:12:47","modified_gmt":"2018-03-21T11:12:47","slug":"la-gobernadora-se-pronuncio-en-favor-del-protagonismo-de-la-mujer-en-nuestra-provincia","status":"publish","type":"post","link":"http:\/\/dsrmedios.com.ar\/diario\/archivos\/4817","title":{"rendered":"La Gobernadora se pronunci\u00f3 en favor del protagonismo de la mujer en nuestra Provincia"},"content":{"rendered":"<p>La gobernadora Mar\u00eda Eugenia Vidal asegur\u00f3 este martes &#8220;la pobreza siempre tiene cara de mujer, ellas son las que no bajan los brazos y las que dan las peleas en los barrios&#8221; y destac\u00f3 que las mujeres que ocupan cargos ejecutivos tambi\u00e9n &#8220;hemos pasado por la subestimaci\u00f3n y la doble vara, pero estamos ac\u00e1 y parece que no somos tan Heidi&#8221;.<\/p>\n<p>Adem\u00e1s, resalt\u00f3 que en los barrios, son las mujeres quienes &#8220;marcan d\u00f3nde hay violencia de g\u00e9nero o d\u00f3nde se vende droga&#8221; y asegur\u00f3 que por eso desde su gesti\u00f3n se impulsan pol\u00edticas sociales en ese sentido.<\/p>\n<p>&#8220;Tenemos un Presidente que entiende de lo que estamos hablando y que est\u00e1 dispuesto a acompa\u00f1ar este cambio que estamos llevando adelante las mujeres&#8221;, dijo Vidal y agreg\u00f3 &#8220;el camino es dif\u00edcil, ninguna est\u00e1 ac\u00e1 porque s\u00ed. Hemos atravesado un camino dif\u00edcil, porque tambi\u00e9n atravesamos la doble carga, todas hemos pasado llegar a casa y ver a nuestros hijos durmiendo y nos preguntamos si val\u00eda la pena, pero estamos ac\u00e1 y parece que no somos tan Heidi&#8221;.<\/p>\n<p>As\u00ed lo sostuvo durante su intervenci\u00f3n en el gabinete ampliado de mujeres que se realiz\u00f3 hoy en el CCK donde comparti\u00f3 un panel con la vicepresidente de la Naci\u00f3n, Gabriela Michetti, las ministras de Desarrollo Social y de Seguridad, Carolina Stanley y Patricia Bullrich y la titular del Instituto Nacional de la Mujer, Fabiana Tu\u00f1ez.<\/p>\n<p>&#8220;Tenemos una gran responsabilidad y enorme compromiso, no saben lo que vale una palabra de aliento a la que tenemos al lado, tenemos que ser solidarias entre nosotras, trasladar ese compromiso a las que son mejores que nosotras y lo necesitan m\u00e1s, hablo de las madres del paco, de las que est\u00e1n en los barrios, cuando tengan un d\u00eda dif\u00edcil, vuelvan a su casa y piensen en cada una de esas mujeres que siguen peleando contra toda adversidad, mujeres que pelean por lo mismo que peleamos nosotras&#8221;.<\/p>\n<p>Vidal dijo que &#8220;es impresionante ver que somos tantas mujeres hoy aqu\u00ed&#8221; y agreg\u00f3 &#8220;es muy emocionante ver todas las que somos y contagia la energ\u00eda interna de saber que no estamos solas&#8221;.<\/p>\n<p>En este sentido, explic\u00f3 que cuando comenz\u00f3 su gesti\u00f3n el n\u00famero de tel\u00e9fono para que las mujeres llamen por violencia de g\u00e9nero solo ten\u00eda 15 operadoras. Actualmente funciona un nuevo centro de atenci\u00f3n que est\u00e1 unificado a la l\u00ednea 144 nacional.<\/p>\n<p>&#8220;Necesit\u00e1bamos darle a las mujeres que sufr\u00edan violencia un lugar para poder denunciar y por eso desarrollamos un aplicativo para que pueda tener en su celular y que las denuncias las puedan hacer ante la Fiscal\u00eda sin pasar por una comisar\u00eda&#8221;, agreg\u00f3.<\/p>\n<p>fuente:www.aninoticias.com.ar<\/p>\n","protected":false},"excerpt":{"rendered":"<div class=\"mh-excerpt\"><p>La gobernadora Mar\u00eda Eugenia Vidal asegur\u00f3 este martes &#8220;la pobreza siempre tiene cara de mujer, ellas son las que no bajan los brazos y las que dan las peleas en los barrios&#8221; y destac\u00f3 que las mujeres que ocupan cargos ejecutivos tambi\u00e9n &#8220;hemos pasado por la subestimaci\u00f3n y la doble vara, pero estamos ac\u00e1 y parece que no somos tan Heidi&#8221;. Adem\u00e1s, resalt\u00f3 que en los barrios, son las mujeres quienes &#8220;marcan d\u00f3nde hay violencia de g\u00e9nero o d\u00f3nde se vende droga&#8221; y asegur\u00f3 que por eso desde su gesti\u00f3n se impulsan pol\u00edticas sociales en ese sentido. &#8220;Tenemos un Presidente <a class=\"mh-excerpt-more\" href=\"http:\/\/dsrmedios.com.ar\/diario\/archivos\/4817\" title=\"La Gobernadora se pronunci\u00f3 en favor del protagonismo de la mujer en nuestra Provincia\">[Leer m\u00e1s]<\/a><\/p>\n<\/div>","protected":false},"author":5,"featured_media":4818,"comment_status":"open","ping_status":"closed","sticky":false,"template":"","format":"standard","meta":{"_jetpack_newsletter_access":""},"categories":[18,7],"tags":[],"jetpack_featured_media_url":"http:\/\/dsrmedios.com.ar\/diario\/wp-content\/uploads\/2018\/03\/maevidal.jpg","jetpack_sharing_enabled":true,"jetpack_shortlink":"https:\/\/wp.me\/p9fihK-1fH","_links":{"self":[{"href":"http:\/\/dsrmedios.com.ar\/diario\/wp-json\/wp\/v2\/posts\/4817"}],"collection":[{"href":"http:\/\/dsrmedios.com.ar\/diario\/wp-json\/wp\/v2\/posts"}],"about":[{"href":"http:\/\/dsrmedios.com.ar\/diario\/wp-json\/wp\/v2\/types\/post"}],"author":[{"embeddable":true,"href":"http:\/\/dsrmedios.com.ar\/diario\/wp-json\/wp\/v2\/users\/5"}],"replies":[{"embeddable":true,"href":"http:\/\/dsrmedios.com.ar\/diario\/wp-json\/wp\/v2\/comments?post=4817"}],"version-history":[{"count":1,"href":"http:\/\/dsrmedios.com.ar\/diario\/wp-json\/wp\/v2\/posts\/4817\/revisions"}],"predecessor-version":[{"id":4819,"href":"http:\/\/dsrmedios.com.ar\/diario\/wp-json\/wp\/v2\/posts\/4817\/revisions\/4819"}],"wp:featuredmedia":[{"embeddable":true,"href":"http:\/\/dsrmedios.com.ar\/diario\/wp-json\/wp\/v2\/media\/4818"}],"wp:attachment":[{"href":"http:\/\/dsrmedios.com.ar\/diario\/wp-json\/wp\/v2\/media?parent=4817"}],"wp:term":[{"taxonomy":"category","embeddable":true,"href":"http:\/\/dsrmedios.com.ar\/diario\/wp-json\/wp\/v2\/categories?post=4817"},{"taxonomy":"post_tag","embeddable":true,"href":"http:\/\/dsrmedios.com.ar\/diario\/wp-json\/wp\/v2\/tags?post=4817"}],"curies":[{"name":"wp","href":"https:\/\/api.w.org\/{rel}","templated":true}]}}