{"id":4795,"date":"2018-03-20T08:31:38","date_gmt":"2018-03-20T11:31:38","guid":{"rendered":"http:\/\/dsrmedios.com.ar\/diario\/?p=4795"},"modified":"2018-03-20T08:31:38","modified_gmt":"2018-03-20T11:31:38","slug":"la-ganaderia-comienza-a-despertar-alertas-por-la-sequia-y-la-falta-de-alimento","status":"publish","type":"post","link":"http:\/\/dsrmedios.com.ar\/diario\/archivos\/4795","title":{"rendered":"La ganader\u00eda comienza a despertar alertas por la sequ\u00eda y la falta de alimento"},"content":{"rendered":"<p>Un informe del Instituto Nacional de Tecnolog\u00eda Agropecuaria (INTA) advirti\u00f3 sobre la dif\u00edcil situaci\u00f3n del ganado en la Cuenca del Salado a ra\u00edz de la prolongada sequ\u00eda que sufre la regi\u00f3n. A trav\u00e9s del an\u00e1lisis de im\u00e1genes satelitales, t\u00e9cnicos de la Estaci\u00f3n Experimental Cuenca del Salado del INTA analizaron la evoluci\u00f3n de la vegetaci\u00f3n a lo largo del a\u00f1o, y se\u00f1alaron que si bien en la zona noroeste de la Cuenca hay &#8220;buenas condiciones de forraje y hacienda&#8221;, en el centro y sudoeste &#8220;domina la seca y un estado corporal que empieza a decaer&#8221;.<\/p>\n<p>&#8220;La suma del invierno pasado, una primavera corta y la situaci\u00f3n actual, &#8220;dar\u00e1 como resultado un per\u00edodo de parici\u00f3n m\u00e1s prolongado&#8221;, advirtieron los profesionales del INTA, quienes recomendaron &#8220;apurar el destete si son animales para la venta&#8221;, con el objetivo de frenar la ca\u00edda de la condici\u00f3n corporal que est\u00e1 empezando a afectar a las madres.<\/p>\n<p>Adem\u00e1s, se indic\u00f3 que las vaquillonas de reposici\u00f3n &#8220;deber\u00e1n ser monitoreadas para implementar una suplementaci\u00f3n estrat\u00e9gica en aquellos casos donde la oferta de forraje siga deprimida como lo est\u00e1 en estos momentos&#8221;.<\/p>\n<p>El INTA tambi\u00e9n pidi\u00f3 prestar atenci\u00f3n &#8220;a la presencia y abundancia de duraznillo blanco, dado que las hojas que caen permanecer\u00e1n sin descomponerse (cuando hay agua en cantidad, se pudren m\u00e1s r\u00e1pido) y ser\u00e1n tomadas por el ganado junto con el forraje con mayor frecuencia&#8221;. Tambi\u00e9n se\u00f1al\u00f3 que &#8220;se deber\u00eda prestar especial atenci\u00f3n a los signos de festucosis y golpe de calor&#8221; a ra\u00edz de los altos \u00edndices de salinidad que presentan los suelos.<\/p>\n<p>Fuente:www.aninoticias.com<\/p>\n","protected":false},"excerpt":{"rendered":"<div class=\"mh-excerpt\"><p>Un informe del Instituto Nacional de Tecnolog\u00eda Agropecuaria (INTA) advirti\u00f3 sobre la dif\u00edcil situaci\u00f3n del ganado en la Cuenca del Salado a ra\u00edz de la prolongada sequ\u00eda que sufre la regi\u00f3n. A trav\u00e9s del an\u00e1lisis de im\u00e1genes satelitales, t\u00e9cnicos de la Estaci\u00f3n Experimental Cuenca del Salado del INTA analizaron la evoluci\u00f3n de la vegetaci\u00f3n a lo largo del a\u00f1o, y se\u00f1alaron que si bien en la zona noroeste de la Cuenca hay &#8220;buenas condiciones de forraje y hacienda&#8221;, en el centro y sudoeste &#8220;domina la seca y un estado corporal que empieza a decaer&#8221;. &#8220;La suma del invierno pasado, una <a class=\"mh-excerpt-more\" href=\"http:\/\/dsrmedios.com.ar\/diario\/archivos\/4795\" title=\"La ganader\u00eda comienza a despertar alertas por la sequ\u00eda y la falta de alimento\">[Leer m\u00e1s]<\/a><\/p>\n<\/div>","protected":false},"author":5,"featured_media":4796,"comment_status":"open","ping_status":"closed","sticky":false,"template":"","format":"standard","meta":{"_jetpack_newsletter_access":""},"categories":[18,7],"tags":[],"jetpack_featured_media_url":"http:\/\/dsrmedios.com.ar\/diario\/wp-content\/uploads\/2018\/03\/ganaderia.png","jetpack_sharing_enabled":true,"jetpack_shortlink":"https:\/\/wp.me\/p9fihK-1fl","_links":{"self":[{"href":"http:\/\/dsrmedios.com.ar\/diario\/wp-json\/wp\/v2\/posts\/4795"}],"collection":[{"href":"http:\/\/dsrmedios.com.ar\/diario\/wp-json\/wp\/v2\/posts"}],"about":[{"href":"http:\/\/dsrmedios.com.ar\/diario\/wp-json\/wp\/v2\/types\/post"}],"author":[{"embeddable":true,"href":"http:\/\/dsrmedios.com.ar\/diario\/wp-json\/wp\/v2\/users\/5"}],"replies":[{"embeddable":true,"href":"http:\/\/dsrmedios.com.ar\/diario\/wp-json\/wp\/v2\/comments?post=4795"}],"version-history":[{"count":1,"href":"http:\/\/dsrmedios.com.ar\/diario\/wp-json\/wp\/v2\/posts\/4795\/revisions"}],"predecessor-version":[{"id":4797,"href":"http:\/\/dsrmedios.com.ar\/diario\/wp-json\/wp\/v2\/posts\/4795\/revisions\/4797"}],"wp:featuredmedia":[{"embeddable":true,"href":"http:\/\/dsrmedios.com.ar\/diario\/wp-json\/wp\/v2\/media\/4796"}],"wp:attachment":[{"href":"http:\/\/dsrmedios.com.ar\/diario\/wp-json\/wp\/v2\/media?parent=4795"}],"wp:term":[{"taxonomy":"category","embeddable":true,"href":"http:\/\/dsrmedios.com.ar\/diario\/wp-json\/wp\/v2\/categories?post=4795"},{"taxonomy":"post_tag","embeddable":true,"href":"http:\/\/dsrmedios.com.ar\/diario\/wp-json\/wp\/v2\/tags?post=4795"}],"curies":[{"name":"wp","href":"https:\/\/api.w.org\/{rel}","templated":true}]}}