{"id":4782,"date":"2018-03-19T07:04:41","date_gmt":"2018-03-19T10:04:41","guid":{"rendered":"http:\/\/dsrmedios.com.ar\/diario\/?p=4782"},"modified":"2018-03-18T20:30:11","modified_gmt":"2018-03-18T23:30:11","slug":"el-26-de-marzo-se-realizara-la-ceremonia-de-homenaje-a-90-soldados-enterrados-en-malvinas","status":"publish","type":"post","link":"http:\/\/dsrmedios.com.ar\/diario\/archivos\/4782","title":{"rendered":"El 26 de marzo se realizar\u00e1 la ceremonia de homenaje a 90 soldados enterrados en Malvinas"},"content":{"rendered":"<p>El pr\u00f3ximo 26 de marzo ser\u00e1 el acto de reconocimiento de 90 cuerpos que hasta el momento estaban enterrados sin identificaci\u00f3n en el cementerio de Darwin.<\/p>\n<p>Los familiares de los soldados viajar\u00e1n para realizar all\u00ed un homenaje.<\/p>\n<p>Unas 240 personas ser\u00e1n parte de la comitiva que encabezar\u00e1 el homenaje a los combatientes argentinos muertos durante el conflicto b\u00e9lico en el Atl\u00e1ntico Sur, confirm\u00f3 este domingo el secretario de Derechos Humanos, Claudio Avruj.<\/p>\n<p>\u201cSe trata de un viaje de car\u00e1cter humanitario. En Darwin habr\u00e1 un acto con mucha emoci\u00f3n, que incluir\u00e1 un oficio religioso, el descubrimiento de las tumbas con sus respectivos nombres y un homenaje militar\u201d, agreg\u00f3 Avruj sobre el tema.<\/p>\n<p>fuente:www.perfil.com<\/p>\n","protected":false},"excerpt":{"rendered":"<div class=\"mh-excerpt\"><p>El pr\u00f3ximo 26 de marzo ser\u00e1 el acto de reconocimiento de 90 cuerpos que hasta el momento estaban enterrados sin identificaci\u00f3n en el cementerio de Darwin. Los familiares de los soldados viajar\u00e1n para realizar all\u00ed un homenaje. Unas 240 personas ser\u00e1n parte de la comitiva que encabezar\u00e1 el homenaje a los combatientes argentinos muertos durante el conflicto b\u00e9lico en el Atl\u00e1ntico Sur, confirm\u00f3 este domingo el secretario de Derechos Humanos, Claudio Avruj. \u201cSe trata de un viaje de car\u00e1cter humanitario. En Darwin habr\u00e1 un acto con mucha emoci\u00f3n, que incluir\u00e1 un oficio religioso, el descubrimiento de las tumbas con sus <a class=\"mh-excerpt-more\" href=\"http:\/\/dsrmedios.com.ar\/diario\/archivos\/4782\" title=\"El 26 de marzo se realizar\u00e1 la ceremonia de homenaje a 90 soldados enterrados en Malvinas\">[Leer m\u00e1s]<\/a><\/p>\n<\/div>","protected":false},"author":5,"featured_media":4783,"comment_status":"open","ping_status":"closed","sticky":false,"template":"","format":"standard","meta":{"_jetpack_newsletter_access":""},"categories":[18,6],"tags":[],"jetpack_featured_media_url":"http:\/\/dsrmedios.com.ar\/diario\/wp-content\/uploads\/2018\/03\/nn-malvinas.jpg","jetpack_sharing_enabled":true,"jetpack_shortlink":"https:\/\/wp.me\/p9fihK-1f8","_links":{"self":[{"href":"http:\/\/dsrmedios.com.ar\/diario\/wp-json\/wp\/v2\/posts\/4782"}],"collection":[{"href":"http:\/\/dsrmedios.com.ar\/diario\/wp-json\/wp\/v2\/posts"}],"about":[{"href":"http:\/\/dsrmedios.com.ar\/diario\/wp-json\/wp\/v2\/types\/post"}],"author":[{"embeddable":true,"href":"http:\/\/dsrmedios.com.ar\/diario\/wp-json\/wp\/v2\/users\/5"}],"replies":[{"embeddable":true,"href":"http:\/\/dsrmedios.com.ar\/diario\/wp-json\/wp\/v2\/comments?post=4782"}],"version-history":[{"count":1,"href":"http:\/\/dsrmedios.com.ar\/diario\/wp-json\/wp\/v2\/posts\/4782\/revisions"}],"predecessor-version":[{"id":4784,"href":"http:\/\/dsrmedios.com.ar\/diario\/wp-json\/wp\/v2\/posts\/4782\/revisions\/4784"}],"wp:featuredmedia":[{"embeddable":true,"href":"http:\/\/dsrmedios.com.ar\/diario\/wp-json\/wp\/v2\/media\/4783"}],"wp:attachment":[{"href":"http:\/\/dsrmedios.com.ar\/diario\/wp-json\/wp\/v2\/media?parent=4782"}],"wp:term":[{"taxonomy":"category","embeddable":true,"href":"http:\/\/dsrmedios.com.ar\/diario\/wp-json\/wp\/v2\/categories?post=4782"},{"taxonomy":"post_tag","embeddable":true,"href":"http:\/\/dsrmedios.com.ar\/diario\/wp-json\/wp\/v2\/tags?post=4782"}],"curies":[{"name":"wp","href":"https:\/\/api.w.org\/{rel}","templated":true}]}}