{"id":4760,"date":"2018-03-16T08:16:46","date_gmt":"2018-03-16T11:16:46","guid":{"rendered":"http:\/\/dsrmedios.com.ar\/diario\/?p=4760"},"modified":"2018-03-16T08:16:46","modified_gmt":"2018-03-16T11:16:46","slug":"vidal-prometio-avanzar-con-declaraciones-de-emergencia-si-persiste-la-sequia-en-la-provincia","status":"publish","type":"post","link":"http:\/\/dsrmedios.com.ar\/diario\/archivos\/4760","title":{"rendered":"Vidal prometi\u00f3 avanzar con declaraciones de emergencia si persiste la sequ\u00eda en la Provincia"},"content":{"rendered":"<p>La gobernadora bonaerense, Mar\u00eda Eugenia Vidal, anunci\u00f3 a los productores rurales que, de persistir el fen\u00f3meno de la sequ\u00eda, avanzar\u00e1 con &#8220;declaraciones de emergencia&#8221; para habilitar facilidades impositivas y cr\u00e9ditos blandos de los bancos Naci\u00f3n y Provincia.<\/p>\n<p>Al participar de una cena para expositores de la 12\u00ba edici\u00f3n de Expoagro que ma\u00f1ana inaugurar\u00e1 el presidente Mauricio Macri en San Nicol\u00e1s, Vidal sostuvo que &#8220;la Provincia es agroindustria. Cada peque\u00f1o paso que damos impacta en cientos de localidades, en miles de puestos de trabajo. Si la agroindustria crece, la Provincia crece&#8221;.<\/p>\n<p>La mandataria bonaerense asegur\u00f3 que los productores agropecuarios afectados por la sequ\u00eda &#8220;no van a atravesar solos este camino&#8221;. De este modo, busc\u00f3 dar un fuerte mensaje de apoyo a un sector que, desde sus instituciones m\u00e1s combativas como Carbap, se ha mostrado muy cr\u00edtico por sus decisiones en materia impositiva, y ha reclamado &#8220;celeridad&#8221; en las declaraciones de emergencia por inundaci\u00f3n y sequ\u00eda.<\/p>\n<p>fuente:www.aninoticias.com<\/p>\n","protected":false},"excerpt":{"rendered":"<div class=\"mh-excerpt\"><p>La gobernadora bonaerense, Mar\u00eda Eugenia Vidal, anunci\u00f3 a los productores rurales que, de persistir el fen\u00f3meno de la sequ\u00eda, avanzar\u00e1 con &#8220;declaraciones de emergencia&#8221; para habilitar facilidades impositivas y cr\u00e9ditos blandos de los bancos Naci\u00f3n y Provincia. Al participar de una cena para expositores de la 12\u00ba edici\u00f3n de Expoagro que ma\u00f1ana inaugurar\u00e1 el presidente Mauricio Macri en San Nicol\u00e1s, Vidal sostuvo que &#8220;la Provincia es agroindustria. Cada peque\u00f1o paso que damos impacta en cientos de localidades, en miles de puestos de trabajo. Si la agroindustria crece, la Provincia crece&#8221;. La mandataria bonaerense asegur\u00f3 que los productores agropecuarios afectados por <a class=\"mh-excerpt-more\" href=\"http:\/\/dsrmedios.com.ar\/diario\/archivos\/4760\" title=\"Vidal prometi\u00f3 avanzar con declaraciones de emergencia si persiste la sequ\u00eda en la Provincia\">[Leer m\u00e1s]<\/a><\/p>\n<\/div>","protected":false},"author":5,"featured_media":4761,"comment_status":"open","ping_status":"closed","sticky":false,"template":"","format":"standard","meta":{"_jetpack_newsletter_access":""},"categories":[18,7],"tags":[],"jetpack_featured_media_url":"http:\/\/dsrmedios.com.ar\/diario\/wp-content\/uploads\/2018\/03\/vidal_expo.jpg","jetpack_sharing_enabled":true,"jetpack_shortlink":"https:\/\/wp.me\/p9fihK-1eM","_links":{"self":[{"href":"http:\/\/dsrmedios.com.ar\/diario\/wp-json\/wp\/v2\/posts\/4760"}],"collection":[{"href":"http:\/\/dsrmedios.com.ar\/diario\/wp-json\/wp\/v2\/posts"}],"about":[{"href":"http:\/\/dsrmedios.com.ar\/diario\/wp-json\/wp\/v2\/types\/post"}],"author":[{"embeddable":true,"href":"http:\/\/dsrmedios.com.ar\/diario\/wp-json\/wp\/v2\/users\/5"}],"replies":[{"embeddable":true,"href":"http:\/\/dsrmedios.com.ar\/diario\/wp-json\/wp\/v2\/comments?post=4760"}],"version-history":[{"count":1,"href":"http:\/\/dsrmedios.com.ar\/diario\/wp-json\/wp\/v2\/posts\/4760\/revisions"}],"predecessor-version":[{"id":4762,"href":"http:\/\/dsrmedios.com.ar\/diario\/wp-json\/wp\/v2\/posts\/4760\/revisions\/4762"}],"wp:featuredmedia":[{"embeddable":true,"href":"http:\/\/dsrmedios.com.ar\/diario\/wp-json\/wp\/v2\/media\/4761"}],"wp:attachment":[{"href":"http:\/\/dsrmedios.com.ar\/diario\/wp-json\/wp\/v2\/media?parent=4760"}],"wp:term":[{"taxonomy":"category","embeddable":true,"href":"http:\/\/dsrmedios.com.ar\/diario\/wp-json\/wp\/v2\/categories?post=4760"},{"taxonomy":"post_tag","embeddable":true,"href":"http:\/\/dsrmedios.com.ar\/diario\/wp-json\/wp\/v2\/tags?post=4760"}],"curies":[{"name":"wp","href":"https:\/\/api.w.org\/{rel}","templated":true}]}}