{"id":4734,"date":"2018-03-15T08:12:27","date_gmt":"2018-03-15T11:12:27","guid":{"rendered":"http:\/\/dsrmedios.com.ar\/diario\/?p=4734"},"modified":"2018-03-15T08:12:27","modified_gmt":"2018-03-15T11:12:27","slug":"reclama-el-campo-a-vidal-que-suspenda-el-tarifazo-inmobiliario-aprobado-por-la-legislatura","status":"publish","type":"post","link":"http:\/\/dsrmedios.com.ar\/diario\/archivos\/4734","title":{"rendered":"Reclama el campo a Vidal que suspenda el tarifazo inmobiliario aprobado por la legislatura"},"content":{"rendered":"<p>La mesa agropecuaria bonaerense reclam\u00f3 a la gobernadora, Mar\u00eda Eugenia Vidal, que tome \u201cmedidas de excepci\u00f3n\u201d para socorrer a los productores afectados por la agobiante sequ\u00eda que afecta a los campos del interior de la Provincia. En tanto, desde el gobierno anunciaron que la pr\u00f3xima semana convocar\u00e1n a la Comisi\u00f3n de Emergencia y Desastre Agropecuario, al tiempo que analizan modificar la ley que atiende a esta problem\u00e1tica.<\/p>\n<p>Integrada por CRA, Carbap, Federaci\u00f3n Agraria, Coninagro y la Sociedad Rural, la mesa agropecuaria se reuni\u00f3 ayer para reclamar al gobierno bonaerense, entre los puntos principales, que d\u00e9 marcha atr\u00e1s con el aumento del 50 y 60 por ciento del Inmobiliario Rural sancionado por la Legislatura el a\u00f1o pasado.<\/p>\n<p>Adem\u00e1s, pidieron convocar a la Cedaba para que solicite tambi\u00e9n al gobierno nacional \u201cmedidas excepcionales\u201d, porque \u201clos exiguos beneficios de la ley de emergencia agropecuaria no alcanzan a cubrir las cuantiosas p\u00e9rdidas\u201d sufridas por la situaci\u00f3n clim\u00e1tica.<\/p>\n<p>El pronunciamiento del bloque fue dado a conocer en el marco de Expoagro, casi en simult\u00e1neo con el anuncio del gobierno de Vidal sobre la convocatoria a una reuni\u00f3n a fin de mes de la Cedaba.<\/p>\n<p>REFORMA A LA LEY<\/p>\n<p>El ministro de Agroindustria, Leonardo Sarqu\u00eds, confirm\u00f3 que la semana pr\u00f3xima pondr\u00e1 fecha a la reuni\u00f3n de esa comisi\u00f3n y que, adem\u00e1s su cartera trabaja en la reforma de la actual ley de emergencia agropecuaria. Seg\u00fan pudo saber El \u00e1rea de Agroindustria viene manteniendo reuniones con el ministerio de Econom\u00eda, la Agencia de Recaudaci\u00f3n (ARBA) y legisladores provinciales con el objetivo de trabajar en una norma actualizada que atienda y se adapte a la nueva y extrema realidad clim\u00e1tica ya asentada desde hace una d\u00e9cada en la Provincia.<\/p>\n<p>Distintas estimaciones privadas han calculado que por la falta de lluvias en los \u00faltimos meses la cosecha argentina se reducir\u00e1 en unas 20 millones de toneladas de soja y ma\u00edz, y que dicha p\u00e9rdida no ser\u00e1 compensada por la suba de los precios.<\/p>\n<p>En general, las estimaciones m\u00e1s conservadoras indican que unos US$ 2.800 dejar\u00e1n de ingresar este a\u00f1o a los bolsillos de los productores, y que \u201cde continuar la situaci\u00f3n clim\u00e1tica la cosecha gruesa bajar\u00eda de 40 millones a 30 millones de toneladas\u201d.<\/p>\n<p>fuente:www.eldia.com<\/p>\n","protected":false},"excerpt":{"rendered":"<div class=\"mh-excerpt\"><p>La mesa agropecuaria bonaerense reclam\u00f3 a la gobernadora, Mar\u00eda Eugenia Vidal, que tome \u201cmedidas de excepci\u00f3n\u201d para socorrer a los productores afectados por la agobiante sequ\u00eda que afecta a los campos del interior de la Provincia. En tanto, desde el gobierno anunciaron que la pr\u00f3xima semana convocar\u00e1n a la Comisi\u00f3n de Emergencia y Desastre Agropecuario, al tiempo que analizan modificar la ley que atiende a esta problem\u00e1tica. Integrada por CRA, Carbap, Federaci\u00f3n Agraria, Coninagro y la Sociedad Rural, la mesa agropecuaria se reuni\u00f3 ayer para reclamar al gobierno bonaerense, entre los puntos principales, que d\u00e9 marcha atr\u00e1s con el aumento <a class=\"mh-excerpt-more\" href=\"http:\/\/dsrmedios.com.ar\/diario\/archivos\/4734\" title=\"Reclama el campo a Vidal que suspenda el tarifazo inmobiliario aprobado por la legislatura\">[Leer m\u00e1s]<\/a><\/p>\n<\/div>","protected":false},"author":5,"featured_media":2924,"comment_status":"open","ping_status":"closed","sticky":false,"template":"","format":"standard","meta":{"_jetpack_newsletter_access":""},"categories":[18,7],"tags":[],"jetpack_featured_media_url":"http:\/\/dsrmedios.com.ar\/diario\/wp-content\/uploads\/2017\/12\/Campo-1-770x480.jpg","jetpack_sharing_enabled":true,"jetpack_shortlink":"https:\/\/wp.me\/p9fihK-1em","_links":{"self":[{"href":"http:\/\/dsrmedios.com.ar\/diario\/wp-json\/wp\/v2\/posts\/4734"}],"collection":[{"href":"http:\/\/dsrmedios.com.ar\/diario\/wp-json\/wp\/v2\/posts"}],"about":[{"href":"http:\/\/dsrmedios.com.ar\/diario\/wp-json\/wp\/v2\/types\/post"}],"author":[{"embeddable":true,"href":"http:\/\/dsrmedios.com.ar\/diario\/wp-json\/wp\/v2\/users\/5"}],"replies":[{"embeddable":true,"href":"http:\/\/dsrmedios.com.ar\/diario\/wp-json\/wp\/v2\/comments?post=4734"}],"version-history":[{"count":1,"href":"http:\/\/dsrmedios.com.ar\/diario\/wp-json\/wp\/v2\/posts\/4734\/revisions"}],"predecessor-version":[{"id":4735,"href":"http:\/\/dsrmedios.com.ar\/diario\/wp-json\/wp\/v2\/posts\/4734\/revisions\/4735"}],"wp:featuredmedia":[{"embeddable":true,"href":"http:\/\/dsrmedios.com.ar\/diario\/wp-json\/wp\/v2\/media\/2924"}],"wp:attachment":[{"href":"http:\/\/dsrmedios.com.ar\/diario\/wp-json\/wp\/v2\/media?parent=4734"}],"wp:term":[{"taxonomy":"category","embeddable":true,"href":"http:\/\/dsrmedios.com.ar\/diario\/wp-json\/wp\/v2\/categories?post=4734"},{"taxonomy":"post_tag","embeddable":true,"href":"http:\/\/dsrmedios.com.ar\/diario\/wp-json\/wp\/v2\/tags?post=4734"}],"curies":[{"name":"wp","href":"https:\/\/api.w.org\/{rel}","templated":true}]}}