{"id":4688,"date":"2018-03-13T08:36:28","date_gmt":"2018-03-13T11:36:28","guid":{"rendered":"http:\/\/dsrmedios.com.ar\/diario\/?p=4688"},"modified":"2018-03-13T08:36:28","modified_gmt":"2018-03-13T11:36:28","slug":"solicitan-declarar-la-emergencia-agropecuaria-en-adolfo-alsina","status":"publish","type":"post","link":"http:\/\/dsrmedios.com.ar\/diario\/archivos\/4688","title":{"rendered":"Solicitan declarar la Emergencia Agropecuaria en Adolfo Alsina"},"content":{"rendered":"<p>Se realiz\u00f3 una reuni\u00f3n en en la que participaron diferentes actores del distrito preocupados por la situaci\u00f3n clim\u00e1tica imperante de Sequ\u00eda que se viene registrando en el distrito desde el mes de Octubre del a\u00f1o pasado y la elevada demanda atmosf\u00e9rica propia del per\u00edodo estival en la zona.<br \/>\nEsta situaci\u00f3n trajo aparejada una significativa disminuci\u00f3n en la superficie implantada de recursos forrajeros estivales; P\u00e9rdidas relevantes de superficie implantada, Stand de Plantas y rendimiento potencial de cultivos de Cosecha Gruesa; Disminuci\u00f3n pr\u00e1cticamente total en la productividad de pasturas implantadas; atraso e imposibilidad de Siembra de Verdeos de Invierno y pasturas; que originan como consecuencia en la actualidad que las explotaciones agropecuarias no cuentan con recursos forrajeros suficientes para hacer acompa\u00f1ar la producci\u00f3n ganadera, por lo que comienzan a registrarse ventas anticipadas de animales (destetes) con menor peso al esperado, venta de animales gordos sin una terminaci\u00f3n adecuada y en casos puntuales se inici\u00f3 la venta de Vientres.<br \/>\nEn relaci\u00f3n a la campa\u00f1a agr\u00edcola, se observan lotes abandonados por fallas en la implantaci\u00f3n, mientras que el resto se presentan seriamente afectados por las restricciones h\u00eddricas en su ciclo, habi\u00e9ndose iniciado la cosecha de Lotes de girasol de primera con rendimientos que no superan los 10 qq\/ha. Destacando que a consecuencia de las heladas tard\u00edas registradas en Noviembre (17 y 24) de 2017 se registraron p\u00e9rdidas de hasta un 40% de rendimiento en los cultivos de trigo, que hacen a\u00fan m\u00e1s significativas las p\u00e9rdidas en los cultivos de cultivos estivales por parte de los productores.<br \/>\nLas instituciones presentes solicitaron al Intendente David Hirtz que inicie las acciones tendientes a la solicitud de Emergencia y\/o Desastre Agropecuario por sequ\u00eda, para la totalidad del Partido de Adolfo Alsina, para el Per\u00edodo comprendido por el primer semestre del a\u00f1o 2018.<br \/>\nEn este sentido, Hirtz manifest\u00f3 su \u201cpreocupaci\u00f3n por la situaci\u00f3n de emergencia en Adolfo Alsina. En el \u00faltimo a\u00f1o sufrimo situaciones de inundaci\u00f3n y ahora de sequia. Ambos extremos prejudican al sector agropecuario y a la econom\u00eda local, por esto exigen trabajar en la emergencia y trabajar con la provincia para poder ayudar a nuestro productores\u201d.<br \/>\nAl mismo tiempo Hirtz remarc\u00f3 la necesidad de \u201cpromover un seguro multiriesgo que permita a los productores trabajar en un marco de desarrollo sustentable\u201d.<\/p>\n","protected":false},"excerpt":{"rendered":"<div class=\"mh-excerpt\"><p>Se realiz\u00f3 una reuni\u00f3n en en la que participaron diferentes actores del distrito preocupados por la situaci\u00f3n clim\u00e1tica imperante de Sequ\u00eda que se viene registrando en el distrito desde el mes de Octubre del a\u00f1o pasado y la elevada demanda atmosf\u00e9rica propia del per\u00edodo estival en la zona. Esta situaci\u00f3n trajo aparejada una significativa disminuci\u00f3n en la superficie implantada de recursos forrajeros estivales; P\u00e9rdidas relevantes de superficie implantada, Stand de Plantas y rendimiento potencial de cultivos de Cosecha Gruesa; Disminuci\u00f3n pr\u00e1cticamente total en la productividad de pasturas implantadas; atraso e imposibilidad de Siembra de Verdeos de Invierno y pasturas; que <a class=\"mh-excerpt-more\" href=\"http:\/\/dsrmedios.com.ar\/diario\/archivos\/4688\" title=\"Solicitan declarar la Emergencia Agropecuaria en Adolfo Alsina\">[Leer m\u00e1s]<\/a><\/p>\n<\/div>","protected":false},"author":5,"featured_media":4689,"comment_status":"open","ping_status":"closed","sticky":false,"template":"","format":"standard","meta":{"_jetpack_newsletter_access":""},"categories":[18],"tags":[],"jetpack_featured_media_url":"http:\/\/dsrmedios.com.ar\/diario\/wp-content\/uploads\/2018\/03\/emergenciaagorp.jpg","jetpack_sharing_enabled":true,"jetpack_shortlink":"https:\/\/wp.me\/p9fihK-1dC","_links":{"self":[{"href":"http:\/\/dsrmedios.com.ar\/diario\/wp-json\/wp\/v2\/posts\/4688"}],"collection":[{"href":"http:\/\/dsrmedios.com.ar\/diario\/wp-json\/wp\/v2\/posts"}],"about":[{"href":"http:\/\/dsrmedios.com.ar\/diario\/wp-json\/wp\/v2\/types\/post"}],"author":[{"embeddable":true,"href":"http:\/\/dsrmedios.com.ar\/diario\/wp-json\/wp\/v2\/users\/5"}],"replies":[{"embeddable":true,"href":"http:\/\/dsrmedios.com.ar\/diario\/wp-json\/wp\/v2\/comments?post=4688"}],"version-history":[{"count":1,"href":"http:\/\/dsrmedios.com.ar\/diario\/wp-json\/wp\/v2\/posts\/4688\/revisions"}],"predecessor-version":[{"id":4690,"href":"http:\/\/dsrmedios.com.ar\/diario\/wp-json\/wp\/v2\/posts\/4688\/revisions\/4690"}],"wp:featuredmedia":[{"embeddable":true,"href":"http:\/\/dsrmedios.com.ar\/diario\/wp-json\/wp\/v2\/media\/4689"}],"wp:attachment":[{"href":"http:\/\/dsrmedios.com.ar\/diario\/wp-json\/wp\/v2\/media?parent=4688"}],"wp:term":[{"taxonomy":"category","embeddable":true,"href":"http:\/\/dsrmedios.com.ar\/diario\/wp-json\/wp\/v2\/categories?post=4688"},{"taxonomy":"post_tag","embeddable":true,"href":"http:\/\/dsrmedios.com.ar\/diario\/wp-json\/wp\/v2\/tags?post=4688"}],"curies":[{"name":"wp","href":"https:\/\/api.w.org\/{rel}","templated":true}]}}