{"id":4682,"date":"2018-03-13T08:15:00","date_gmt":"2018-03-13T11:15:00","guid":{"rendered":"http:\/\/dsrmedios.com.ar\/diario\/?p=4682"},"modified":"2018-03-13T08:15:00","modified_gmt":"2018-03-13T11:15:00","slug":"el-vice-gobernador-daniel-salvador-considero-prematuro-pensar-en-quien-acompanara-a-vidal-en-el-2019","status":"publish","type":"post","link":"http:\/\/dsrmedios.com.ar\/diario\/archivos\/4682","title":{"rendered":"El Vice Gobernador Daniel Salvador consider\u00f3 prematuro pensar en quien acompa\u00f1ar\u00e1 a Vidal en el 2019"},"content":{"rendered":"<p>El vicegobernador bonaerense y titular de la UCR en la provincia, Daniel Salvador, consider\u00f3 hoy &#8220;muy prematuro&#8221; hacer especulaciones sobre quien podr\u00eda acompa\u00f1ar a la gobernadora Mar\u00eda Eugenia Vidal en una eventual f\u00f3rmula para competir por su reelecci\u00f3n en el 2019, aunque se\u00f1al\u00f3 que el radicalismo &#8220;por supuesto&#8221; tiene &#8220;sus l\u00f3gicas aspiraciones&#8221;.<\/p>\n<p>&#8220;Cambiemos est\u00e1 conformado por las distintas fuerzas pol\u00edticas que le dieron origen y, dentro de eso, cada fuerza pol\u00edtica tiene sus l\u00f3gicas aspiraciones y el radicalismo, por supuesto, tambi\u00e9n&#8221;, afirm\u00f3 Salvador en declaraciones a la agencia estatal T\u00e9lam, luego de la reuni\u00f3n del Consejo Nacional del PRO celebrada el viernes \u00faltimo en el complejo porte\u00f1o de Parque Norte.<\/p>\n<p>All\u00ed, aunque sin un pronunciamiento formal expreso, se le dio un gui\u00f1o a la reelecci\u00f3n tanto del presidente Mauricio Macri como de la gobernadora Mar\u00eda Eugenia Vidal y del jefe de Gobierno porte\u00f1o, Horacio Rodr\u00edguez Larreta, con vistas a los comicios del 2019.<\/p>\n<p>fuente:www.aninoticias.com<\/p>\n","protected":false},"excerpt":{"rendered":"<div class=\"mh-excerpt\"><p>El vicegobernador bonaerense y titular de la UCR en la provincia, Daniel Salvador, consider\u00f3 hoy &#8220;muy prematuro&#8221; hacer especulaciones sobre quien podr\u00eda acompa\u00f1ar a la gobernadora Mar\u00eda Eugenia Vidal en una eventual f\u00f3rmula para competir por su reelecci\u00f3n en el 2019, aunque se\u00f1al\u00f3 que el radicalismo &#8220;por supuesto&#8221; tiene &#8220;sus l\u00f3gicas aspiraciones&#8221;. &#8220;Cambiemos est\u00e1 conformado por las distintas fuerzas pol\u00edticas que le dieron origen y, dentro de eso, cada fuerza pol\u00edtica tiene sus l\u00f3gicas aspiraciones y el radicalismo, por supuesto, tambi\u00e9n&#8221;, afirm\u00f3 Salvador en declaraciones a la agencia estatal T\u00e9lam, luego de la reuni\u00f3n del Consejo Nacional del PRO celebrada <a class=\"mh-excerpt-more\" href=\"http:\/\/dsrmedios.com.ar\/diario\/archivos\/4682\" title=\"El Vice Gobernador Daniel Salvador consider\u00f3 prematuro pensar en quien acompa\u00f1ar\u00e1 a Vidal en el 2019\">[Leer m\u00e1s]<\/a><\/p>\n<\/div>","protected":false},"author":5,"featured_media":4683,"comment_status":"open","ping_status":"closed","sticky":false,"template":"","format":"standard","meta":{"_jetpack_newsletter_access":""},"categories":[18,7],"tags":[],"jetpack_featured_media_url":"http:\/\/dsrmedios.com.ar\/diario\/wp-content\/uploads\/2018\/03\/salvador_5.jpg","jetpack_sharing_enabled":true,"jetpack_shortlink":"https:\/\/wp.me\/p9fihK-1dw","_links":{"self":[{"href":"http:\/\/dsrmedios.com.ar\/diario\/wp-json\/wp\/v2\/posts\/4682"}],"collection":[{"href":"http:\/\/dsrmedios.com.ar\/diario\/wp-json\/wp\/v2\/posts"}],"about":[{"href":"http:\/\/dsrmedios.com.ar\/diario\/wp-json\/wp\/v2\/types\/post"}],"author":[{"embeddable":true,"href":"http:\/\/dsrmedios.com.ar\/diario\/wp-json\/wp\/v2\/users\/5"}],"replies":[{"embeddable":true,"href":"http:\/\/dsrmedios.com.ar\/diario\/wp-json\/wp\/v2\/comments?post=4682"}],"version-history":[{"count":1,"href":"http:\/\/dsrmedios.com.ar\/diario\/wp-json\/wp\/v2\/posts\/4682\/revisions"}],"predecessor-version":[{"id":4684,"href":"http:\/\/dsrmedios.com.ar\/diario\/wp-json\/wp\/v2\/posts\/4682\/revisions\/4684"}],"wp:featuredmedia":[{"embeddable":true,"href":"http:\/\/dsrmedios.com.ar\/diario\/wp-json\/wp\/v2\/media\/4683"}],"wp:attachment":[{"href":"http:\/\/dsrmedios.com.ar\/diario\/wp-json\/wp\/v2\/media?parent=4682"}],"wp:term":[{"taxonomy":"category","embeddable":true,"href":"http:\/\/dsrmedios.com.ar\/diario\/wp-json\/wp\/v2\/categories?post=4682"},{"taxonomy":"post_tag","embeddable":true,"href":"http:\/\/dsrmedios.com.ar\/diario\/wp-json\/wp\/v2\/tags?post=4682"}],"curies":[{"name":"wp","href":"https:\/\/api.w.org\/{rel}","templated":true}]}}