{"id":4657,"date":"2018-03-12T08:42:29","date_gmt":"2018-03-12T11:42:29","guid":{"rendered":"http:\/\/dsrmedios.com.ar\/diario\/?p=4657"},"modified":"2018-03-12T08:42:29","modified_gmt":"2018-03-12T11:42:29","slug":"desde-fesimubo-aseguran-que-la-propuesta-de-un-techo-del-15-es-insuficiente","status":"publish","type":"post","link":"http:\/\/dsrmedios.com.ar\/diario\/archivos\/4657","title":{"rendered":"Desde Fesimubo aseguran que la propuesta de un techo del 15% es insuficiente"},"content":{"rendered":"<p>La Federaci\u00f3n de Sindicatos Municipales Bonaerenses (FeSiMuBo) advirti\u00f3 que &#8220;el techo del 15 por ciento es insuficiente&#8221; en las negociaciones locales y reclam\u00f3 un &#8220;urgente sinceramiento salarial&#8221;.<\/p>\n<p>&#8220;El techo del 15 por ciento es insuficiente y no alcanza porque muchos intendentes no lo incluyen siquiera en los b\u00e1sicos&#8221;, advirti\u00f3 el titular de FeSiMuBo, Rub\u00e9n &#8220;Cholo&#8221; Garc\u00eda.<\/p>\n<p>Asimismo, el representante de los sindicatos pidi\u00f3 en declaraciones a T\u00e9lam un &#8220;urgente sinceramiento salarial debido que en gran parte de los municipios bonaerenses se pagan b\u00e1sicos que est\u00e1n debajo del Salario M\u00ednimo, Vital y M\u00f3vil (de 9.500 pesos)&#8221;.<\/p>\n<p>Garc\u00eda asegur\u00f3 &#8220;los municipales, excepto una peque\u00f1a minor\u00eda&#8221; est\u00e1n en peores condiciones que en Naci\u00f3n y Provincia. &#8220;Nosotros no hablamos espec\u00edficamente de porcentajes (de aumento salarial) a nivel general sino de sinceramiento de nuestros sueldos&#8221;, agreg\u00f3.<\/p>\n<p>fuente:www.aninoticias.com<\/p>\n","protected":false},"excerpt":{"rendered":"<div class=\"mh-excerpt\"><p>La Federaci\u00f3n de Sindicatos Municipales Bonaerenses (FeSiMuBo) advirti\u00f3 que &#8220;el techo del 15 por ciento es insuficiente&#8221; en las negociaciones locales y reclam\u00f3 un &#8220;urgente sinceramiento salarial&#8221;. &#8220;El techo del 15 por ciento es insuficiente y no alcanza porque muchos intendentes no lo incluyen siquiera en los b\u00e1sicos&#8221;, advirti\u00f3 el titular de FeSiMuBo, Rub\u00e9n &#8220;Cholo&#8221; Garc\u00eda. Asimismo, el representante de los sindicatos pidi\u00f3 en declaraciones a T\u00e9lam un &#8220;urgente sinceramiento salarial debido que en gran parte de los municipios bonaerenses se pagan b\u00e1sicos que est\u00e1n debajo del Salario M\u00ednimo, Vital y M\u00f3vil (de 9.500 pesos)&#8221;. Garc\u00eda asegur\u00f3 &#8220;los municipales, excepto <a class=\"mh-excerpt-more\" href=\"http:\/\/dsrmedios.com.ar\/diario\/archivos\/4657\" title=\"Desde Fesimubo aseguran que la propuesta de un techo del 15% es insuficiente\">[Leer m\u00e1s]<\/a><\/p>\n<\/div>","protected":false},"author":5,"featured_media":4658,"comment_status":"open","ping_status":"closed","sticky":false,"template":"","format":"standard","meta":{"_jetpack_newsletter_access":""},"categories":[18,7],"tags":[],"jetpack_featured_media_url":"http:\/\/dsrmedios.com.ar\/diario\/wp-content\/uploads\/2018\/03\/garcia-fesimubo.jpg","jetpack_sharing_enabled":true,"jetpack_shortlink":"https:\/\/wp.me\/p9fihK-1d7","_links":{"self":[{"href":"http:\/\/dsrmedios.com.ar\/diario\/wp-json\/wp\/v2\/posts\/4657"}],"collection":[{"href":"http:\/\/dsrmedios.com.ar\/diario\/wp-json\/wp\/v2\/posts"}],"about":[{"href":"http:\/\/dsrmedios.com.ar\/diario\/wp-json\/wp\/v2\/types\/post"}],"author":[{"embeddable":true,"href":"http:\/\/dsrmedios.com.ar\/diario\/wp-json\/wp\/v2\/users\/5"}],"replies":[{"embeddable":true,"href":"http:\/\/dsrmedios.com.ar\/diario\/wp-json\/wp\/v2\/comments?post=4657"}],"version-history":[{"count":1,"href":"http:\/\/dsrmedios.com.ar\/diario\/wp-json\/wp\/v2\/posts\/4657\/revisions"}],"predecessor-version":[{"id":4659,"href":"http:\/\/dsrmedios.com.ar\/diario\/wp-json\/wp\/v2\/posts\/4657\/revisions\/4659"}],"wp:featuredmedia":[{"embeddable":true,"href":"http:\/\/dsrmedios.com.ar\/diario\/wp-json\/wp\/v2\/media\/4658"}],"wp:attachment":[{"href":"http:\/\/dsrmedios.com.ar\/diario\/wp-json\/wp\/v2\/media?parent=4657"}],"wp:term":[{"taxonomy":"category","embeddable":true,"href":"http:\/\/dsrmedios.com.ar\/diario\/wp-json\/wp\/v2\/categories?post=4657"},{"taxonomy":"post_tag","embeddable":true,"href":"http:\/\/dsrmedios.com.ar\/diario\/wp-json\/wp\/v2\/tags?post=4657"}],"curies":[{"name":"wp","href":"https:\/\/api.w.org\/{rel}","templated":true}]}}