{"id":4634,"date":"2018-03-12T07:09:26","date_gmt":"2018-03-12T10:09:26","guid":{"rendered":"http:\/\/dsrmedios.com.ar\/diario\/?p=4634"},"modified":"2018-03-11T10:14:38","modified_gmt":"2018-03-11T13:14:38","slug":"realizo-la-policia-local-junto-a-delegaciones-de-la-region-una-serie-de-allanamientos-en-carhue","status":"publish","type":"post","link":"http:\/\/dsrmedios.com.ar\/diario\/archivos\/4634","title":{"rendered":"Realiz\u00f3 la Polic\u00eda local junto a delegaciones de la regi\u00f3n una serie de allanamientos en Carhu\u00e9"},"content":{"rendered":"<p>Personal de la Estaci\u00f3n de Polic\u00eda Comunal Carhu\u00e9 juntamente con numerarios del Grupo Operativo (DDI) Adolfo Alsina, Grupo Operativo (DDI) Tres Lomas, Estaci\u00f3n de Polic\u00eda Comunal Daireaux, Grupo de Apoyo Departamental (GAD) Guamin\u00ed, Comisar\u00eda Distrital Tres Lomas y Estaci\u00f3n de Polic\u00eda Comunal Guamin\u00ed 1ra., en el d\u00eda de la fecha a partir de las 07:00 horas, se diligenciaron siete (07) \u00f3rdenes de allanamientos en distintos domicilios de nuestra ciudad, con el prop\u00f3sito de secuestras nueve (09) motocicletas de diferentes cilindradas, con las que se habr\u00eda infringido el \u201cArt. 193 Bis del C\u00f3digo Penal\u201d.- Las \u00f3rdenes fueron requeridas por el titular del Juzgado de Garant\u00edas n\u00b0 2 Dr. GERARDO PALACIO CORDOBA Departamento Judicial Trenque Lauquen, en marco de la I.P.P. n\u00b0 17-00-001302-18\/01, Carpeta de Causa n\u00b0 11435, injerencia Fiscal\u00eda Fuero Responsabilidad Penal Juvenil n\u00b0 1 Dr. MARTIN BUTTI citado Dpto. Judicial y \u00d3rdenes de Allanamiento libradas por Juzgado Garant\u00edas del Joven n\u00b0 1 Dra. ANA CECILIA BAJLEC, en marco I.P.P. n\u00b0 17-00-001302-18\/01, Carpeta de Causa n\u00b0 1086, intervenci\u00f3n misma Fiscal\u00eda.- Que resultan ser 5 mayores y 8 menores de edad, todos masculinos de esta localidad, quienes se encuentran imputados de crear situaciones de peligro para la vida o la integridad f\u00edsica de las personas mediante la conducci\u00f3n irresponsable de motocicletas, quienes registran numerosas infracciones de tr\u00e1nsito por tener escapes modificados, tirar cortes, no acatar \u00f3rdenes y evadir controles en diversos operativos.- En adelante \u00e9sta ser\u00e1 la modalidad a emplearse para los casos en que los conductores de diferentes veh\u00edculos no acaten la orden de detenerse y contin\u00faen su marcha, tanto ante el Personal Policial como de los Inspectores de Tr\u00e1nsito local, poniendo de \u00e9ste modo en peligro la vida o integridad f\u00edsica de toda persona.- Es dable mencionar que el \u201cCentro de Monitoreo\u201d de \u00e9sta ciudad aport\u00f3 numerosos videos y placas fotogr\u00e1ficas, los cuales fueron agregados a las presentes actuaciones.- Se recuerda a la comunidad que resulta de vital importancia la colaboraci\u00f3n de vecinos para abordar \u00e9sta problem\u00e1tica.- Ante cualquier duda o consulta, se informa que se podr\u00e1n presentar en la Estaci\u00f3n de Polic\u00eda Comunal local situada en calle Pellegrini n\u00b0 1151 o dar aviso a los abonados telef\u00f3nico n\u00b0 02936-432211 y abonado de emergencias n\u00b0 101 (gratuito).-<\/p>\n","protected":false},"excerpt":{"rendered":"<div class=\"mh-excerpt\"><p>Personal de la Estaci\u00f3n de Polic\u00eda Comunal Carhu\u00e9 juntamente con numerarios del Grupo Operativo (DDI) Adolfo Alsina, Grupo Operativo (DDI) Tres Lomas, Estaci\u00f3n de Polic\u00eda Comunal Daireaux, Grupo de Apoyo Departamental (GAD) Guamin\u00ed, Comisar\u00eda Distrital Tres Lomas y Estaci\u00f3n de Polic\u00eda Comunal Guamin\u00ed 1ra., en el d\u00eda de la fecha a partir de las 07:00 horas, se diligenciaron siete (07) \u00f3rdenes de allanamientos en distintos domicilios de nuestra ciudad, con el prop\u00f3sito de secuestras nueve (09) motocicletas de diferentes cilindradas, con las que se habr\u00eda infringido el \u201cArt. 193 Bis del C\u00f3digo Penal\u201d.- Las \u00f3rdenes fueron requeridas por el titular <a class=\"mh-excerpt-more\" href=\"http:\/\/dsrmedios.com.ar\/diario\/archivos\/4634\" title=\"Realiz\u00f3 la Polic\u00eda local junto a delegaciones de la regi\u00f3n una serie de allanamientos en Carhu\u00e9\">[Leer m\u00e1s]<\/a><\/p>\n<\/div>","protected":false},"author":5,"featured_media":4635,"comment_status":"open","ping_status":"closed","sticky":false,"template":"","format":"standard","meta":{"_jetpack_newsletter_access":""},"categories":[18],"tags":[],"jetpack_featured_media_url":"http:\/\/dsrmedios.com.ar\/diario\/wp-content\/uploads\/2018\/03\/motosss.jpg","jetpack_sharing_enabled":true,"jetpack_shortlink":"https:\/\/wp.me\/p9fihK-1cK","_links":{"self":[{"href":"http:\/\/dsrmedios.com.ar\/diario\/wp-json\/wp\/v2\/posts\/4634"}],"collection":[{"href":"http:\/\/dsrmedios.com.ar\/diario\/wp-json\/wp\/v2\/posts"}],"about":[{"href":"http:\/\/dsrmedios.com.ar\/diario\/wp-json\/wp\/v2\/types\/post"}],"author":[{"embeddable":true,"href":"http:\/\/dsrmedios.com.ar\/diario\/wp-json\/wp\/v2\/users\/5"}],"replies":[{"embeddable":true,"href":"http:\/\/dsrmedios.com.ar\/diario\/wp-json\/wp\/v2\/comments?post=4634"}],"version-history":[{"count":1,"href":"http:\/\/dsrmedios.com.ar\/diario\/wp-json\/wp\/v2\/posts\/4634\/revisions"}],"predecessor-version":[{"id":4636,"href":"http:\/\/dsrmedios.com.ar\/diario\/wp-json\/wp\/v2\/posts\/4634\/revisions\/4636"}],"wp:featuredmedia":[{"embeddable":true,"href":"http:\/\/dsrmedios.com.ar\/diario\/wp-json\/wp\/v2\/media\/4635"}],"wp:attachment":[{"href":"http:\/\/dsrmedios.com.ar\/diario\/wp-json\/wp\/v2\/media?parent=4634"}],"wp:term":[{"taxonomy":"category","embeddable":true,"href":"http:\/\/dsrmedios.com.ar\/diario\/wp-json\/wp\/v2\/categories?post=4634"},{"taxonomy":"post_tag","embeddable":true,"href":"http:\/\/dsrmedios.com.ar\/diario\/wp-json\/wp\/v2\/tags?post=4634"}],"curies":[{"name":"wp","href":"https:\/\/api.w.org\/{rel}","templated":true}]}}