{"id":4630,"date":"2018-03-12T00:00:44","date_gmt":"2018-03-12T03:00:44","guid":{"rendered":"http:\/\/dsrmedios.com.ar\/diario\/?p=4630"},"modified":"2018-03-11T10:03:28","modified_gmt":"2018-03-11T13:03:28","slug":"los-referentes-gremiales-se-fueron-sin-soluciones-de-la-ultima-reunion-con-provincia","status":"publish","type":"post","link":"http:\/\/dsrmedios.com.ar\/diario\/archivos\/4630","title":{"rendered":"Los referentes gremiales se fueron sin soluciones de la \u00faltima reuni\u00f3n con Provincia"},"content":{"rendered":"<p>En una nueva reuni\u00f3n paritaria docente, los referentes sindicales se fueron con las manos vac\u00edas. Los funcionarios bonaerenses no realizaron una nueva oferta, por lo que el conflicto puede agudizarse de cara a la segunda semana de clases.<\/p>\n<p>La Provincia no modific\u00f3 la propuesta del 15% en tres cuotas.Los funcionarios enviados por Mar\u00eda Eugenia Vidal volvieron a argumentar a que hay cuestiones macroecon\u00f3micas que impiden mejorar la oferta salarial.<\/p>\n<p>Con todo, el Frente de Unidad Docente resolvi\u00f3 realizar reuniones de delegados y asambleas con los afiliados en el transcurso de la pr\u00f3xima semana.<\/p>\n<p>\u201cCuando m\u00e1s del 50% de los docentes viven con salarios que no superan los $12.500 no podemos aceptar que no se avance en la negociaciones\u201d, afirm\u00f3 el vicepresidente de FEB, Diego Altolaguirre, al t\u00e9rmino del encuentro, realizado en La Plata.<\/p>\n<p>El dirigente sindical consign\u00f3p que \u201cno pueden demostrar con datos concretos lo que anuncian en los medios -salarios promedios, cifras de ausentismo y estad\u00edsticas&#8221;<\/p>\n<p>As\u00ed, las clases vuelven a quedar atravesadas por la posibilidad de una nueva medida de fuerza.<\/p>\n<p>Fuente:www.latecla.com<\/p>\n","protected":false},"excerpt":{"rendered":"<div class=\"mh-excerpt\"><p>En una nueva reuni\u00f3n paritaria docente, los referentes sindicales se fueron con las manos vac\u00edas. Los funcionarios bonaerenses no realizaron una nueva oferta, por lo que el conflicto puede agudizarse de cara a la segunda semana de clases. La Provincia no modific\u00f3 la propuesta del 15% en tres cuotas.Los funcionarios enviados por Mar\u00eda Eugenia Vidal volvieron a argumentar a que hay cuestiones macroecon\u00f3micas que impiden mejorar la oferta salarial. Con todo, el Frente de Unidad Docente resolvi\u00f3 realizar reuniones de delegados y asambleas con los afiliados en el transcurso de la pr\u00f3xima semana. \u201cCuando m\u00e1s del 50% de los docentes <a class=\"mh-excerpt-more\" href=\"http:\/\/dsrmedios.com.ar\/diario\/archivos\/4630\" title=\"Los referentes gremiales se fueron sin soluciones de la \u00faltima reuni\u00f3n con Provincia\">[Leer m\u00e1s]<\/a><\/p>\n<\/div>","protected":false},"author":5,"featured_media":4515,"comment_status":"open","ping_status":"closed","sticky":false,"template":"","format":"standard","meta":{"_jetpack_newsletter_access":""},"categories":[18,7],"tags":[],"jetpack_featured_media_url":"http:\/\/dsrmedios.com.ar\/diario\/wp-content\/uploads\/2018\/03\/baradel_11.jpg","jetpack_sharing_enabled":true,"jetpack_shortlink":"https:\/\/wp.me\/p9fihK-1cG","_links":{"self":[{"href":"http:\/\/dsrmedios.com.ar\/diario\/wp-json\/wp\/v2\/posts\/4630"}],"collection":[{"href":"http:\/\/dsrmedios.com.ar\/diario\/wp-json\/wp\/v2\/posts"}],"about":[{"href":"http:\/\/dsrmedios.com.ar\/diario\/wp-json\/wp\/v2\/types\/post"}],"author":[{"embeddable":true,"href":"http:\/\/dsrmedios.com.ar\/diario\/wp-json\/wp\/v2\/users\/5"}],"replies":[{"embeddable":true,"href":"http:\/\/dsrmedios.com.ar\/diario\/wp-json\/wp\/v2\/comments?post=4630"}],"version-history":[{"count":1,"href":"http:\/\/dsrmedios.com.ar\/diario\/wp-json\/wp\/v2\/posts\/4630\/revisions"}],"predecessor-version":[{"id":4631,"href":"http:\/\/dsrmedios.com.ar\/diario\/wp-json\/wp\/v2\/posts\/4630\/revisions\/4631"}],"wp:featuredmedia":[{"embeddable":true,"href":"http:\/\/dsrmedios.com.ar\/diario\/wp-json\/wp\/v2\/media\/4515"}],"wp:attachment":[{"href":"http:\/\/dsrmedios.com.ar\/diario\/wp-json\/wp\/v2\/media?parent=4630"}],"wp:term":[{"taxonomy":"category","embeddable":true,"href":"http:\/\/dsrmedios.com.ar\/diario\/wp-json\/wp\/v2\/categories?post=4630"},{"taxonomy":"post_tag","embeddable":true,"href":"http:\/\/dsrmedios.com.ar\/diario\/wp-json\/wp\/v2\/tags?post=4630"}],"curies":[{"name":"wp","href":"https:\/\/api.w.org\/{rel}","templated":true}]}}