{"id":4628,"date":"2018-03-12T07:00:49","date_gmt":"2018-03-12T10:00:49","guid":{"rendered":"http:\/\/dsrmedios.com.ar\/diario\/?p=4628"},"modified":"2018-03-11T09:58:09","modified_gmt":"2018-03-11T12:58:09","slug":"feb-denuncio-que-hay-cientos-de-chicos-sin-clases-por-el-cese-docentes-sin-titulo","status":"publish","type":"post","link":"http:\/\/dsrmedios.com.ar\/diario\/archivos\/4628","title":{"rendered":"FEB denunci\u00f3 que hay cientos de chicos sin clases por el cese docentes sin t\u00edtulo"},"content":{"rendered":"<p>La Federaci\u00f3n de Educadores Bonaerense (FEB) denunci\u00f3 que hay &#8220;cientos de chicos sin clases&#8221; en la provincia de Buenos Aires como consecuencia del cese de cargos docentes.<\/p>\n<p>En el marco del conflicto docente y tras un paro por 48 horas que complic\u00f3 el inicio de las clases, desde FEB se\u00f1alaron que &#8220;sin medidas de fuerza, de todos modos, cientos de chicos de toda la provincia siguen sin clases&#8221;, pese a que el pedido del Gobierno provincial es negociar &#8220;con los chicos en las aulas&#8221;.<\/p>\n<p>A trav\u00e9s de distintas im\u00e1genes, el gremio denuncia el cierre de secundarias de adultos, cargos sin cubrir en 9 de Julio, 50 alumnos en una misma aula en una escuela en General Rodr\u00edguez, 59 alumnos sin docentes por &#8220;ceses masivos&#8221; en una escuela especial de Col\u00f3n, entre otras problem\u00e1ticas.<\/p>\n<p>Cabe se\u00f1alar que pese al rechazo de los gremios, el Gobierno provincial dej\u00f3 cesante al personal docente provisional y suplente que accedi\u00f3 a cargos u horas sin t\u00edtulo habilitante, al aplicar formalmente el inciso C de los art\u00edculos 109 y 110 del estatuto del sector que contempla el cese en dichos casos.<\/p>\n<p>fuente:www.aninoticias.com.ar<\/p>\n","protected":false},"excerpt":{"rendered":"<div class=\"mh-excerpt\"><p>La Federaci\u00f3n de Educadores Bonaerense (FEB) denunci\u00f3 que hay &#8220;cientos de chicos sin clases&#8221; en la provincia de Buenos Aires como consecuencia del cese de cargos docentes. En el marco del conflicto docente y tras un paro por 48 horas que complic\u00f3 el inicio de las clases, desde FEB se\u00f1alaron que &#8220;sin medidas de fuerza, de todos modos, cientos de chicos de toda la provincia siguen sin clases&#8221;, pese a que el pedido del Gobierno provincial es negociar &#8220;con los chicos en las aulas&#8221;. A trav\u00e9s de distintas im\u00e1genes, el gremio denuncia el cierre de secundarias de adultos, cargos sin <a class=\"mh-excerpt-more\" href=\"http:\/\/dsrmedios.com.ar\/diario\/archivos\/4628\" title=\"FEB denunci\u00f3 que hay cientos de chicos sin clases por el cese docentes sin t\u00edtulo\">[Leer m\u00e1s]<\/a><\/p>\n<\/div>","protected":false},"author":5,"featured_media":4492,"comment_status":"open","ping_status":"closed","sticky":false,"template":"","format":"standard","meta":{"_jetpack_newsletter_access":""},"categories":[18,7],"tags":[],"jetpack_featured_media_url":"http:\/\/dsrmedios.com.ar\/diario\/wp-content\/uploads\/2018\/03\/docentesss-1.jpg","jetpack_sharing_enabled":true,"jetpack_shortlink":"https:\/\/wp.me\/p9fihK-1cE","_links":{"self":[{"href":"http:\/\/dsrmedios.com.ar\/diario\/wp-json\/wp\/v2\/posts\/4628"}],"collection":[{"href":"http:\/\/dsrmedios.com.ar\/diario\/wp-json\/wp\/v2\/posts"}],"about":[{"href":"http:\/\/dsrmedios.com.ar\/diario\/wp-json\/wp\/v2\/types\/post"}],"author":[{"embeddable":true,"href":"http:\/\/dsrmedios.com.ar\/diario\/wp-json\/wp\/v2\/users\/5"}],"replies":[{"embeddable":true,"href":"http:\/\/dsrmedios.com.ar\/diario\/wp-json\/wp\/v2\/comments?post=4628"}],"version-history":[{"count":1,"href":"http:\/\/dsrmedios.com.ar\/diario\/wp-json\/wp\/v2\/posts\/4628\/revisions"}],"predecessor-version":[{"id":4629,"href":"http:\/\/dsrmedios.com.ar\/diario\/wp-json\/wp\/v2\/posts\/4628\/revisions\/4629"}],"wp:featuredmedia":[{"embeddable":true,"href":"http:\/\/dsrmedios.com.ar\/diario\/wp-json\/wp\/v2\/media\/4492"}],"wp:attachment":[{"href":"http:\/\/dsrmedios.com.ar\/diario\/wp-json\/wp\/v2\/media?parent=4628"}],"wp:term":[{"taxonomy":"category","embeddable":true,"href":"http:\/\/dsrmedios.com.ar\/diario\/wp-json\/wp\/v2\/categories?post=4628"},{"taxonomy":"post_tag","embeddable":true,"href":"http:\/\/dsrmedios.com.ar\/diario\/wp-json\/wp\/v2\/tags?post=4628"}],"curies":[{"name":"wp","href":"https:\/\/api.w.org\/{rel}","templated":true}]}}