{"id":4589,"date":"2018-03-08T11:17:05","date_gmt":"2018-03-08T14:17:05","guid":{"rendered":"http:\/\/dsrmedios.com.ar\/diario\/?p=4589"},"modified":"2018-03-08T11:17:05","modified_gmt":"2018-03-08T14:17:05","slug":"alberto-pulpita-ruiz-viajara-a-espana-para-representar-a-la-pampa","status":"publish","type":"post","link":"http:\/\/dsrmedios.com.ar\/diario\/archivos\/4589","title":{"rendered":"Alberto &#8220;Pulpita&#8221; Ruiz viajar\u00e1 a Espa\u00f1a para representar a La Pampa"},"content":{"rendered":"<p>Alberto Oscar Ruiz a sus 75 a\u00f1os viajar\u00e1 con el auspicio de la Provincia de La Pampa en representaci\u00f3n del Club Pampa, al mundial de atletismo que se llevar\u00e1 a cabo en Espa\u00f1a. Los d\u00edas 17, 18 y 19 de setiembre, Pulpita, podr\u00e1 cumplir con un sue\u00f1o de toda su vida. Una vez m\u00e1s el reconocimiento le llega de lejos a este corredor que ha sumado muchos logros a lo largo de los a\u00f1os. Felicitaciones.<\/p>\n","protected":false},"excerpt":{"rendered":"<div class=\"mh-excerpt\"><p>Alberto Oscar Ruiz a sus 75 a\u00f1os viajar\u00e1 con el auspicio de la Provincia de La Pampa en representaci\u00f3n del Club Pampa, al mundial de atletismo que se llevar\u00e1 a cabo en Espa\u00f1a. Los d\u00edas 17, 18 y 19 de setiembre, Pulpita, podr\u00e1 cumplir con un sue\u00f1o de toda su vida. Una vez m\u00e1s el reconocimiento le llega de lejos a este corredor que ha sumado muchos logros a lo largo de los a\u00f1os. Felicitaciones.<\/p>\n<\/div>","protected":false},"author":5,"featured_media":4590,"comment_status":"open","ping_status":"closed","sticky":false,"template":"","format":"standard","meta":{"_jetpack_newsletter_access":""},"categories":[18],"tags":[],"jetpack_featured_media_url":"http:\/\/dsrmedios.com.ar\/diario\/wp-content\/uploads\/2018\/03\/alberto-pulpita-ruiz21.jpg","jetpack_sharing_enabled":true,"jetpack_shortlink":"https:\/\/wp.me\/p9fihK-1c1","_links":{"self":[{"href":"http:\/\/dsrmedios.com.ar\/diario\/wp-json\/wp\/v2\/posts\/4589"}],"collection":[{"href":"http:\/\/dsrmedios.com.ar\/diario\/wp-json\/wp\/v2\/posts"}],"about":[{"href":"http:\/\/dsrmedios.com.ar\/diario\/wp-json\/wp\/v2\/types\/post"}],"author":[{"embeddable":true,"href":"http:\/\/dsrmedios.com.ar\/diario\/wp-json\/wp\/v2\/users\/5"}],"replies":[{"embeddable":true,"href":"http:\/\/dsrmedios.com.ar\/diario\/wp-json\/wp\/v2\/comments?post=4589"}],"version-history":[{"count":1,"href":"http:\/\/dsrmedios.com.ar\/diario\/wp-json\/wp\/v2\/posts\/4589\/revisions"}],"predecessor-version":[{"id":4591,"href":"http:\/\/dsrmedios.com.ar\/diario\/wp-json\/wp\/v2\/posts\/4589\/revisions\/4591"}],"wp:featuredmedia":[{"embeddable":true,"href":"http:\/\/dsrmedios.com.ar\/diario\/wp-json\/wp\/v2\/media\/4590"}],"wp:attachment":[{"href":"http:\/\/dsrmedios.com.ar\/diario\/wp-json\/wp\/v2\/media?parent=4589"}],"wp:term":[{"taxonomy":"category","embeddable":true,"href":"http:\/\/dsrmedios.com.ar\/diario\/wp-json\/wp\/v2\/categories?post=4589"},{"taxonomy":"post_tag","embeddable":true,"href":"http:\/\/dsrmedios.com.ar\/diario\/wp-json\/wp\/v2\/tags?post=4589"}],"curies":[{"name":"wp","href":"https:\/\/api.w.org\/{rel}","templated":true}]}}